{"id":25341,"date":"2023-03-24T19:55:46","date_gmt":"2023-03-24T17:55:46","guid":{"rendered":"https:\/\/bisbalpenedes.com\/web\/?p=25341"},"modified":"2023-03-24T20:02:01","modified_gmt":"2023-03-24T18:02:01","slug":"la-regidoria-de-mobilitat-informa-que-sha-obert-el-termini-per-presentar-sollicituds-al-consell-comarcal-del-baix-penedes-per-al-servei-de-transport-escolar-2023-24","status":"publish","type":"post","link":"https:\/\/bisbalpenedes.com\/web\/2023\/03\/24\/la-regidoria-de-mobilitat-informa-que-sha-obert-el-termini-per-presentar-sollicituds-al-consell-comarcal-del-baix-penedes-per-al-servei-de-transport-escolar-2023-24\/","title":{"rendered":"<strong>La Regidoria de Mobilitat informa que s\u2019ha obert el termini per presentar sol\u00b7licituds al Consell Comarcal del Baix Pened\u00e8s per al Servei de Transport escolar 2023-24<\/strong>"},"content":{"rendered":"\n<p>El passat dilluns 20 de mar\u00e7 es va obrir el termini per presentar sol\u00b7licituds per al Servei de Transport Escolar per al curs 2023-24, adre\u00e7at als alumnes d\u2019Educaci\u00f3 Infantil i Prim\u00e0ria (EIPRI &#8211; transport escolar no obligatori dins del municipi), d\u2019ESO dins del mapa escolar i d\u2019Educaci\u00f3 Especial (transport escolar obligatori entre municipis); i d\u2019alumnes de batxillerat, cicles formatius i d\u2019ESO de fora del mapa escolar (transport escolar no obligatori).<\/p>\n\n\n\n<p>La presentaci\u00f3 de sol\u00b7licituds s\u2019haur\u00e0 de fer telem\u00e0ticament a trav\u00e9s de la seu electr\u00f2nica del Consell Comarcal. Per fer la sol\u00b7licitud, caldr\u00e0 que compteu amb un sistema d\u2019identificaci\u00f3 digital (idCAT, idCAT m\u00f2bil, Cl@ve, etc.).<\/p>\n\n\n\n<p>Trobareu m\u00e9s informaci\u00f3 en aquest enlla\u00e7: <a href=\"https:\/\/ccbp.cat\/recerca\/serveis\/ciutada\/educacio\/transport-escolar\">https:\/\/ccbp.cat\/recerca\/serveis\/ciutada\/educacio\/transport-escolar<\/a>&nbsp;<\/p>\n\n\n\n<p><strong>IMPORTANT:<\/strong> No es garantir\u00e0 la pla\u00e7a a l\u2019inici de curs d\u2019aquelles sol\u00b7licituds presentades posteriorment al 31 de juliol de 2023.<\/p>\n\n\n\n<hr class=\"wp-block-separator has-alpha-channel-opacity\"\/>\n\n\n\n<p><strong>CASTELLANO |<\/strong> El pasado lunes 20 de marzo se abri\u00f3 el plazo para presentar solicitudes para el Servicio de Transporte Escolar para el curso 2023-24, dirigido a los alumnos de Educaci\u00f3n Infantil y Primaria (EIPRI &#8211; transporte escolar no obligatorio dentro del municipio), de ESO dentro del mapa escolar y de Educaci\u00f3n Especial (transporte escolar obligatorio entre municipios); y de alumnos de bachillerato, ciclos formativos y de ESO de fuera del mapa escolar (transporte escolar no obligatorio).<\/p>\n\n\n\n<p>La presentaci\u00f3n de solicitudes se deber\u00e1 hacer telem\u00e1ticamente a trav\u00e9s de la sede electr\u00f3nica del Consell Comarcal. Para hacer la solicitud, tendr\u00e9is que contar con un sistema de identificaci\u00f3n digital (idCAT, idCAT m\u00f2bil, Cl@ve, etc.).<\/p>\n\n\n\n<p>Encontrar\u00e9is m\u00e1s informaci\u00f3n en este enlace: <a href=\"https:\/\/ccbp.cat\/recerca\/serveis\/ciutada\/educacio\/transport-escolar\">https:\/\/ccbp.cat\/recerca\/serveis\/ciutada\/educacio\/transport-escolar<\/a>&nbsp;<\/p>\n\n\n\n<p><strong>IMPORTANTE:<\/strong> No se garantizar\u00e1 la plaza al inicio de curso de aquellas solicitudes presentadas posteriormente al 31 de julio de 2023.<\/p>\n","protected":false},"excerpt":{"rendered":"<p>El passat dilluns 20 de mar\u00e7 es va obrir el termini per presentar sol\u00b7licituds per al Servei de Transport Escolar per al curs 2023-24, adre\u00e7at als alumnes d\u2019Educaci\u00f3 Infantil i &hellip; <a href=\"https:\/\/bisbalpenedes.com\/web\/2023\/03\/24\/la-regidoria-de-mobilitat-informa-que-sha-obert-el-termini-per-presentar-sollicituds-al-consell-comarcal-del-baix-penedes-per-al-servei-de-transport-escolar-2023-24\/\" class=\"more-link\">Read More<\/a><\/p>\n","protected":false},"author":4,"featured_media":6391,"comment_status":"closed","ping_status":"closed","sticky":false,"template":"","format":"standard","meta":[],"categories":[3456,3859,8],"tags":[459,1056,65,566,393,2084],"_links":{"self":[{"href":"https:\/\/bisbalpenedes.com\/web\/wp-json\/wp\/v2\/posts\/25341"}],"collection":[{"href":"https:\/\/bisbalpenedes.com\/web\/wp-json\/wp\/v2\/posts"}],"about":[{"href":"https:\/\/bisbalpenedes.com\/web\/wp-json\/wp\/v2\/types\/post"}],"author":[{"embeddable":true,"href":"https:\/\/bisbalpenedes.com\/web\/wp-json\/wp\/v2\/users\/4"}],"replies":[{"embeddable":true,"href":"https:\/\/bisbalpenedes.com\/web\/wp-json\/wp\/v2\/comments?post=25341"}],"version-history":[{"count":3,"href":"https:\/\/bisbalpenedes.com\/web\/wp-json\/wp\/v2\/posts\/25341\/revisions"}],"predecessor-version":[{"id":25344,"href":"https:\/\/bisbalpenedes.com\/web\/wp-json\/wp\/v2\/posts\/25341\/revisions\/25344"}],"wp:featuredmedia":[{"embeddable":true,"href":"https:\/\/bisbalpenedes.com\/web\/wp-json\/wp\/v2\/media\/6391"}],"wp:attachment":[{"href":"https:\/\/bisbalpenedes.com\/web\/wp-json\/wp\/v2\/media?parent=25341"}],"wp:term":[{"taxonomy":"category","embeddable":true,"href":"https:\/\/bisbalpenedes.com\/web\/wp-json\/wp\/v2\/categories?post=25341"},{"taxonomy":"post_tag","embeddable":true,"href":"https:\/\/bisbalpenedes.com\/web\/wp-json\/wp\/v2\/tags?post=25341"}],"curies":[{"name":"wp","href":"https:\/\/api.w.org\/{rel}","templated":true}]}}