{"id":25334,"date":"2023-03-23T16:18:35","date_gmt":"2023-03-23T14:18:35","guid":{"rendered":"https:\/\/bisbalpenedes.com\/web\/?p=25334"},"modified":"2023-03-23T16:18:35","modified_gmt":"2023-03-23T14:18:35","slug":"el-punt-verd-fara-un-nou-horari-a-partir-del-dilluns-27-de-marc-les-regidories-de-medi-ambient-i-residus-han-tirat-endavant-una-inversio-per-fer-canvis-i-millores-en-aquest-espai","status":"publish","type":"post","link":"https:\/\/bisbalpenedes.com\/web\/2023\/03\/23\/el-punt-verd-fara-un-nou-horari-a-partir-del-dilluns-27-de-marc-les-regidories-de-medi-ambient-i-residus-han-tirat-endavant-una-inversio-per-fer-canvis-i-millores-en-aquest-espai\/","title":{"rendered":"El Punt Verd far\u00e0 un nou horari a partir del dilluns 27 de mar\u00e7 &#8211; Les Regidories de Medi Ambient i Residus han tirat endavant una inversi\u00f3 per fer canvis i millores en aquest espai"},"content":{"rendered":"\n<p>Amb l\u2019objectiu de millorar la recepci\u00f3 i l\u2019assessorament als usuaris en la distribuci\u00f3 dels residus, les Regidories de Residus i Medi Ambient han tirat endavant diverses inversions i canvis al Punt Verd. A partir del dilluns 27 de mar\u00e7, l\u2019horari del Punt Verd ser\u00e0 de quaranta hores setmanals i, en tot moment, hi haur\u00e0 un gestor a la deixalleria. El nou horari ser\u00e0:<\/p>\n\n\n\n<p><strong>De dilluns a divendres, de 9h a 14h i de 15h a 17h<\/strong><\/p>\n\n\n\n<p><strong>Dissabtes de 9h a 14h<\/strong><\/p>\n\n\n\n<p>Aquesta setmana han comen\u00e7at les obres d\u2019adequaci\u00f3 de les instal\u00b7lacions del Punt Verd, segons les recomanacions que publica l\u2019Ag\u00e8ncia de Residus de Catalunya. S\u2019hi fa una inversi\u00f3 de 25.342,98\u20ac (IVA incl\u00f2s), que inclou:<\/p>\n\n\n\n<ul><li>Instal\u00b7laci\u00f3 de nous contenidors amb nous adhesius per al dip\u00f2sit dels residus especials.<\/li><li>Tancament amb xapa per cobrir la zona on s\u2019emmagatzemaran els residus especials (olis vegetals, minerals, l\u00edquids, refrigerants, t\u00f2ners, s\u00f2lids pastosos i RAEE (Residus d\u2019Aparells El\u00e8ctrics i Electr\u00f2nics).<\/li><li>Construcci\u00f3 d\u2019un cobert annex per cobrir la zona on es dipositen les neveres.<\/li><li>Pavimentaci\u00f3 de la zona situada davant del cobert dels residus especials, que tamb\u00e9 inclou la reparaci\u00f3 d\u2019una porta per emmagatzemar productes fitosanitaris.<\/li><li>Treballs de reparacions del passad\u00eds i adequaci\u00f3 dels lavabos.<\/li><li>Instal\u00b7laci\u00f3 d\u2019una b\u00e0scula.<\/li><li>Augment de la seguretat, com ara baranes als molls de desc\u00e0rrega, reparacions en el quadre el\u00e8ctric i senyalitzaci\u00f3 addicional.<\/li><\/ul>\n\n\n\n<hr class=\"wp-block-separator has-alpha-channel-opacity\"\/>\n\n\n\n<p><strong>CASTELLANO |<\/strong> Con el objetivo de mejorar la recepci\u00f3n y el asesoramiento a los usuarios en la distribuci\u00f3n de los residuos, las Concejal\u00edas de Residuos y Medio Ambiente han sacado adelante varias inversiones y cambios en el Punto Verde. A partir del lunes 27 de marzo, el horario del Punto Verde ser\u00e1 de cuarenta horas semanales y, en todo momento, habr\u00e1 un gestor en el recinto. El nuevo horario ser\u00e1:<\/p>\n\n\n\n<p><strong>De lunes a viernes, de 9h a 14h y de 15h a 17h<\/strong><\/p>\n\n\n\n<p><strong>S\u00e1bados de 9h a 14h<\/strong><\/p>\n\n\n\n<p>Esta semana han empezado las obras de adecuaci\u00f3n de las instalaciones del Punto Verde, seg\u00fan las recomendaciones que publica la Agencia Catalana de Residuos de Catalu\u00f1a. Se ha hecho una inversi\u00f3n de 25.342,98\u20ac (IVA incluido), que incluye:<\/p>\n\n\n\n<ul><li>Instalaci\u00f3n de nuevos contenedores con nuevos adhesivos en el dep\u00f3sito de los residuos especiales.<\/li><li>Cierre con chapa para cubrir la zona en la que se almacenan los residuos especiales (aceites vegetales, minerales, l\u00edquidos, refrigerantes, t\u00f3neres, s\u00f3lidos pastosos y RAEE (Residuos de Aparatos El\u00e9ctricos y Electr\u00f3nicos).<\/li><li>Construcci\u00f3n de un cubierto anexo para cubrir una zona en la que se depositan las neveras.<\/li><li>Pavimentaci\u00f3n de la zona situada delante del cubierto de los residuos especiales, que tambi\u00e9n incluye la reparaci\u00f3n de una puerta para almacenar productos fitosanitarios.<\/li><li>Trabajos de reparaciones del pasillo y adecuaci\u00f3n de los lavabos.<\/li><li>Instalaci\u00f3n de una b\u00e1scula.<\/li><li>Aumento de la seguridad, como por ejemplo las barandas en los muelles de descarga, reparaciones en el cuadro el\u00e9ctrico y se\u00f1alizaci\u00f3n adicional.<\/li><\/ul>\n","protected":false},"excerpt":{"rendered":"<p>Amb l\u2019objectiu de millorar la recepci\u00f3 i l\u2019assessorament als usuaris en la distribuci\u00f3 dels residus, les Regidories de Residus i Medi Ambient han tirat endavant diverses inversions i canvis al &hellip; <a href=\"https:\/\/bisbalpenedes.com\/web\/2023\/03\/23\/el-punt-verd-fara-un-nou-horari-a-partir-del-dilluns-27-de-marc-les-regidories-de-medi-ambient-i-residus-han-tirat-endavant-una-inversio-per-fer-canvis-i-millores-en-aquest-espai\/\" class=\"more-link\">Read More<\/a><\/p>\n","protected":false},"author":4,"featured_media":683,"comment_status":"closed","ping_status":"closed","sticky":false,"template":"","format":"standard","meta":[],"categories":[3215,32,8],"tags":[459,629,5908,393,92,5907],"_links":{"self":[{"href":"https:\/\/bisbalpenedes.com\/web\/wp-json\/wp\/v2\/posts\/25334"}],"collection":[{"href":"https:\/\/bisbalpenedes.com\/web\/wp-json\/wp\/v2\/posts"}],"about":[{"href":"https:\/\/bisbalpenedes.com\/web\/wp-json\/wp\/v2\/types\/post"}],"author":[{"embeddable":true,"href":"https:\/\/bisbalpenedes.com\/web\/wp-json\/wp\/v2\/users\/4"}],"replies":[{"embeddable":true,"href":"https:\/\/bisbalpenedes.com\/web\/wp-json\/wp\/v2\/comments?post=25334"}],"version-history":[{"count":1,"href":"https:\/\/bisbalpenedes.com\/web\/wp-json\/wp\/v2\/posts\/25334\/revisions"}],"predecessor-version":[{"id":25335,"href":"https:\/\/bisbalpenedes.com\/web\/wp-json\/wp\/v2\/posts\/25334\/revisions\/25335"}],"wp:featuredmedia":[{"embeddable":true,"href":"https:\/\/bisbalpenedes.com\/web\/wp-json\/wp\/v2\/media\/683"}],"wp:attachment":[{"href":"https:\/\/bisbalpenedes.com\/web\/wp-json\/wp\/v2\/media?parent=25334"}],"wp:term":[{"taxonomy":"category","embeddable":true,"href":"https:\/\/bisbalpenedes.com\/web\/wp-json\/wp\/v2\/categories?post=25334"},{"taxonomy":"post_tag","embeddable":true,"href":"https:\/\/bisbalpenedes.com\/web\/wp-json\/wp\/v2\/tags?post=25334"}],"curies":[{"name":"wp","href":"https:\/\/api.w.org\/{rel}","templated":true}]}}