{"id":25327,"date":"2023-03-21T10:48:42","date_gmt":"2023-03-21T08:48:42","guid":{"rendered":"https:\/\/bisbalpenedes.com\/web\/?p=25327"},"modified":"2023-03-21T10:48:42","modified_gmt":"2023-03-21T08:48:42","slug":"aquest-dimecres-22-de-marc-la-facana-de-la-casa-de-la-vila-silluminara-de-color-blau-amb-motiu-del-dia-mundial-de-laigua","status":"publish","type":"post","link":"https:\/\/bisbalpenedes.com\/web\/2023\/03\/21\/aquest-dimecres-22-de-marc-la-facana-de-la-casa-de-la-vila-silluminara-de-color-blau-amb-motiu-del-dia-mundial-de-laigua\/","title":{"rendered":"Aquest dimecres 22 de mar\u00e7 la fa\u00e7ana de la Casa de la Vila s&#8217;il\u00b7luminar\u00e0 de color blau amb motiu del Dia Mundial de l&#8217;Aigua"},"content":{"rendered":"\n<p>Aquest dimecres 22 de mar\u00e7, al vespre, la fa\u00e7ana de l&#8217;Ajuntament s&#8217;il\u00b7luminar\u00e0 de color blau amb motiu del Dia Mundial de l&#8217;aigua.<\/p>\n\n\n\n<p>Enguany, el tema del Dia Mundial de l&#8217;Aigua \u00e9s &#8216;Accelerating Change through Partnerships and Cooperation&#8217; (accelerem els canvis a trav\u00e9s del partenariat i la cooperaci\u00f3).<\/p>\n\n\n\n<p>En l&#8217;actualitat, estem en un moment cr\u00edtic perqu\u00e8 hi ha molta sequera i manca de pluges. Les jornades com la del Dia de l&#8217;Aigua han de servir per crear consci\u00e8ncia sobre la import\u00e0ncia de l&#8217;estalvi i la reutilitzaci\u00f3 de l&#8217;aigua, amb l&#8217;objectiu de preservar aquest b\u00e9 esc\u00e0s.<\/p>\n\n\n\n<hr class=\"wp-block-separator has-alpha-channel-opacity\"\/>\n\n\n\n<p><strong>CASTELLANO |<\/strong> Este mi\u00e9rcoles 22 de marzo, al anochecer, la fachada del Ayuntamiento se iluminar\u00e1 de color azul con motivo del D\u00eda Mundial del agua.<\/p>\n\n\n\n<p>Este a\u00f1o, el tema del D\u00eda Mundial del Agua es &#8216;Accelerating Change through Partnerships and Cooperation&#8217; (aceleremos los cambios a trav\u00e9s del partenariado y la cooperaci\u00f3n).<\/p>\n\n\n\n<p>En la actualidad, estamos en un momento cr\u00edtico porque hay mucha sequ\u00eda y falta de lluvias. Las jornadas como la del D\u00eda del Agua tienen que servir para crear conciencia sobre la importancia del ahorro y la reutilizaci\u00f3n del agua, con el objetivo de preservar este bien escaso.<\/p>\n\n\n\n<figure class=\"wp-block-image size-full\"><img loading=\"lazy\" width=\"792\" height=\"1024\" src=\"https:\/\/bisbalpenedes.com\/web\/wp-content\/uploads\/2023\/03\/campanya-sequera-2022-opis1024_4.jpg\" alt=\"\" class=\"wp-image-25329\" srcset=\"https:\/\/bisbalpenedes.com\/web\/wp-content\/uploads\/2023\/03\/campanya-sequera-2022-opis1024_4.jpg 792w, https:\/\/bisbalpenedes.com\/web\/wp-content\/uploads\/2023\/03\/campanya-sequera-2022-opis1024_4-232x300.jpg 232w, https:\/\/bisbalpenedes.com\/web\/wp-content\/uploads\/2023\/03\/campanya-sequera-2022-opis1024_4-768x993.jpg 768w, https:\/\/bisbalpenedes.com\/web\/wp-content\/uploads\/2023\/03\/campanya-sequera-2022-opis1024_4-600x776.jpg 600w\" sizes=\"(max-width: 792px) 100vw, 792px\" \/><\/figure>\n","protected":false},"excerpt":{"rendered":"<p>Aquest dimecres 22 de mar\u00e7, al vespre, la fa\u00e7ana de l&#8217;Ajuntament s&#8217;il\u00b7luminar\u00e0 de color blau amb motiu del Dia Mundial de l&#8217;aigua. Enguany, el tema del Dia Mundial de l&#8217;Aigua &hellip; <a href=\"https:\/\/bisbalpenedes.com\/web\/2023\/03\/21\/aquest-dimecres-22-de-marc-la-facana-de-la-casa-de-la-vila-silluminara-de-color-blau-amb-motiu-del-dia-mundial-de-laigua\/\" class=\"more-link\">Read More<\/a><\/p>\n","protected":false},"author":4,"featured_media":25328,"comment_status":"closed","ping_status":"closed","sticky":false,"template":"","format":"standard","meta":[],"categories":[8],"tags":[5906],"_links":{"self":[{"href":"https:\/\/bisbalpenedes.com\/web\/wp-json\/wp\/v2\/posts\/25327"}],"collection":[{"href":"https:\/\/bisbalpenedes.com\/web\/wp-json\/wp\/v2\/posts"}],"about":[{"href":"https:\/\/bisbalpenedes.com\/web\/wp-json\/wp\/v2\/types\/post"}],"author":[{"embeddable":true,"href":"https:\/\/bisbalpenedes.com\/web\/wp-json\/wp\/v2\/users\/4"}],"replies":[{"embeddable":true,"href":"https:\/\/bisbalpenedes.com\/web\/wp-json\/wp\/v2\/comments?post=25327"}],"version-history":[{"count":1,"href":"https:\/\/bisbalpenedes.com\/web\/wp-json\/wp\/v2\/posts\/25327\/revisions"}],"predecessor-version":[{"id":25330,"href":"https:\/\/bisbalpenedes.com\/web\/wp-json\/wp\/v2\/posts\/25327\/revisions\/25330"}],"wp:featuredmedia":[{"embeddable":true,"href":"https:\/\/bisbalpenedes.com\/web\/wp-json\/wp\/v2\/media\/25328"}],"wp:attachment":[{"href":"https:\/\/bisbalpenedes.com\/web\/wp-json\/wp\/v2\/media?parent=25327"}],"wp:term":[{"taxonomy":"category","embeddable":true,"href":"https:\/\/bisbalpenedes.com\/web\/wp-json\/wp\/v2\/categories?post=25327"},{"taxonomy":"post_tag","embeddable":true,"href":"https:\/\/bisbalpenedes.com\/web\/wp-json\/wp\/v2\/tags?post=25327"}],"curies":[{"name":"wp","href":"https:\/\/api.w.org\/{rel}","templated":true}]}}