{"id":25323,"date":"2023-03-21T02:00:00","date_gmt":"2023-03-21T00:00:00","guid":{"rendered":"https:\/\/bisbalpenedes.com\/web\/?p=25323"},"modified":"2023-03-20T19:00:58","modified_gmt":"2023-03-20T17:00:58","slug":"avui-dimarts-lajuntament-silluminara-de-color-blau-per-commemorar-el-dia-de-la-sindrome-de-down","status":"publish","type":"post","link":"https:\/\/bisbalpenedes.com\/web\/2023\/03\/21\/avui-dimarts-lajuntament-silluminara-de-color-blau-per-commemorar-el-dia-de-la-sindrome-de-down\/","title":{"rendered":"Avui dimarts l&#8217;Ajuntament s&#8217;il\u00b7luminar\u00e0 de color blau per commemorar el Dia de la S\u00edndrome de Down"},"content":{"rendered":"\n<p>La fa\u00e7ana de la Casa de la Vila s\u2019il\u00b7luminar\u00e0 de color blau avui dimarts 21 de mar\u00e7 al vespre, amb motiu del Dia Mundial de la S\u00edndrome de Down. L\u2019objectiu d\u2019aquesta commemoraci\u00f3 \u00e9s \u201cgenerar m\u00e9s consci\u00e8ncia p\u00fablica sobre la S\u00edndrome de Down i recordar la dignitat inherent, la v\u00e0lua i les valuoses contribucions de les persones amb discapacitat intel\u00b7lectual com a promotores del benestar i de la diversitat de les seves comunitats. A m\u00e9s, es vol ressaltar la import\u00e0ncia de la seva autonomia i independ\u00e8ncia individual, en particular la llibertat per prendre les seves pr\u00f2pies decisions\u201d.<\/p>\n\n\n\n<p>Per a m\u00e9s informaci\u00f3 podeu accedir a: <a href=\"https:\/\/www.un.org\/es\/observances\/down-syndrome-day\" target=\"_blank\" rel=\"noreferrer noopener\">https:\/\/www.un.org\/es\/observances\/down-syndrome-day<\/a><\/p>\n\n\n\n<hr class=\"wp-block-separator has-alpha-channel-opacity\"\/>\n\n\n\n<p><strong>CASTELLANO | <\/strong>La fachada de la Casa de la Vila se iluminar\u00e1 de color azul hoy martes 21 de marzo, al anochecer, con motivo del D\u00eda Mundial del S\u00edndrome de Down. El objetivo de esta conmemoraci\u00f3n es \u201cgenerar m\u00e1s consciencia p\u00fablica sobre el S\u00edndrome de Down y recordar la dignidad inherente, el valor y las valiosas contribuciones de las personas con discapacidad intelectual como promotoras del bienestar y de la diversidad en sus comunidades. Adem\u00e1s, se quiere resaltar la importancia de su autonom\u00eda e independencia individual, en particular de su libertad para tomar sus propias decisiones\u201d.<\/p>\n\n\n\n<p>Para m\u00e1s informaci\u00f3n pod\u00e9is acceder a: <a href=\"https:\/\/www.un.org\/es\/observances\/down-syndrome-day\" target=\"_blank\" rel=\"noreferrer noopener\">https:\/\/www.un.org\/es\/observances\/down-syndrome-day<\/a><\/p>\n","protected":false},"excerpt":{"rendered":"<p>La fa\u00e7ana de la Casa de la Vila s\u2019il\u00b7luminar\u00e0 de color blau avui dimarts 21 de mar\u00e7 al vespre, amb motiu del Dia Mundial de la S\u00edndrome de Down. L\u2019objectiu &hellip; <a href=\"https:\/\/bisbalpenedes.com\/web\/2023\/03\/21\/avui-dimarts-lajuntament-silluminara-de-color-blau-per-commemorar-el-dia-de-la-sindrome-de-down\/\" class=\"more-link\">Read More<\/a><\/p>\n","protected":false},"author":4,"featured_media":25324,"comment_status":"closed","ping_status":"closed","sticky":false,"template":"","format":"standard","meta":[],"categories":[8,14],"tags":[216,5548,5019,5905,393,5151],"_links":{"self":[{"href":"https:\/\/bisbalpenedes.com\/web\/wp-json\/wp\/v2\/posts\/25323"}],"collection":[{"href":"https:\/\/bisbalpenedes.com\/web\/wp-json\/wp\/v2\/posts"}],"about":[{"href":"https:\/\/bisbalpenedes.com\/web\/wp-json\/wp\/v2\/types\/post"}],"author":[{"embeddable":true,"href":"https:\/\/bisbalpenedes.com\/web\/wp-json\/wp\/v2\/users\/4"}],"replies":[{"embeddable":true,"href":"https:\/\/bisbalpenedes.com\/web\/wp-json\/wp\/v2\/comments?post=25323"}],"version-history":[{"count":1,"href":"https:\/\/bisbalpenedes.com\/web\/wp-json\/wp\/v2\/posts\/25323\/revisions"}],"predecessor-version":[{"id":25325,"href":"https:\/\/bisbalpenedes.com\/web\/wp-json\/wp\/v2\/posts\/25323\/revisions\/25325"}],"wp:featuredmedia":[{"embeddable":true,"href":"https:\/\/bisbalpenedes.com\/web\/wp-json\/wp\/v2\/media\/25324"}],"wp:attachment":[{"href":"https:\/\/bisbalpenedes.com\/web\/wp-json\/wp\/v2\/media?parent=25323"}],"wp:term":[{"taxonomy":"category","embeddable":true,"href":"https:\/\/bisbalpenedes.com\/web\/wp-json\/wp\/v2\/categories?post=25323"},{"taxonomy":"post_tag","embeddable":true,"href":"https:\/\/bisbalpenedes.com\/web\/wp-json\/wp\/v2\/tags?post=25323"}],"curies":[{"name":"wp","href":"https:\/\/api.w.org\/{rel}","templated":true}]}}