{"id":25318,"date":"2023-03-19T20:02:01","date_gmt":"2023-03-19T18:02:01","guid":{"rendered":"https:\/\/bisbalpenedes.com\/web\/?p=25318"},"modified":"2023-03-24T19:34:13","modified_gmt":"2023-03-24T17:34:13","slug":"recital-del-dia-de-la-poesia-dimarts-21-de-marc","status":"publish","type":"post","link":"https:\/\/bisbalpenedes.com\/web\/2023\/03\/19\/recital-del-dia-de-la-poesia-dimarts-21-de-marc\/","title":{"rendered":"Recital del dia de la Poesia: dimarts 21 de mar\u00e7 a les 19:30h"},"content":{"rendered":"\n<p>T\u2019agrada recitar poesia?<\/p>\n\n\n\n<p>Doncs no t\u2019ho pensis i vine al recital de poesia que farem amb motiu del Dia Mundial de la Poesia.<\/p>\n\n\n\n<p>El dimarts 21 de mar\u00e7 donarem la benvinguda a la primavera sentint poemes de diversos autors i en diferents idiomes.<\/p>\n\n\n\n<p>Anima\u2019t i vine a llegir poemes!<\/p>\n\n\n\n<p>Inscripcions per a la lectura de poemes contactant amb el 608 56 88 81 o adre\u00e7ant-te a la Biblioteca.<\/p>\n\n\n\n<hr class=\"wp-block-separator has-alpha-channel-opacity\"\/>\n\n\n\n<p>\u00bfTe gusta recitar poes\u00eda?<\/p>\n\n\n\n<p>Pues no te lo pienses y ven al recital de poes\u00eda que haremos con motivo del D\u00eda Mundial de la Poes\u00eda.<\/p>\n\n\n\n<p>El martes 21 de marzo daremos la bienvenida a la primavera escuchando poes\u00edas de varios autores y en distintos idiomas.<\/p>\n\n\n\n<p>\u00a1An\u00edmate y ven a leer poemas!<\/p>\n\n\n\n<p>Inscripciones para la lectura de poes\u00edas contactando con el 608 56 88 81 o dirigi\u00e9ndote a la Biblioteca.<\/p>\n\n\n\n<p><\/p>\n","protected":false},"excerpt":{"rendered":"<p>T\u2019agrada recitar poesia? Doncs no t\u2019ho pensis i vine al recital de poesia que farem amb motiu del Dia Mundial de la Poesia. El dimarts 21 de mar\u00e7 donarem la &hellip; <a href=\"https:\/\/bisbalpenedes.com\/web\/2023\/03\/19\/recital-del-dia-de-la-poesia-dimarts-21-de-marc\/\" class=\"more-link\">Read More<\/a><\/p>\n","protected":false},"author":4,"featured_media":25304,"comment_status":"closed","ping_status":"closed","sticky":false,"template":"","format":"standard","meta":[],"categories":[2942,13,8],"tags":[459,1462,2846,393,3193,1466],"_links":{"self":[{"href":"https:\/\/bisbalpenedes.com\/web\/wp-json\/wp\/v2\/posts\/25318"}],"collection":[{"href":"https:\/\/bisbalpenedes.com\/web\/wp-json\/wp\/v2\/posts"}],"about":[{"href":"https:\/\/bisbalpenedes.com\/web\/wp-json\/wp\/v2\/types\/post"}],"author":[{"embeddable":true,"href":"https:\/\/bisbalpenedes.com\/web\/wp-json\/wp\/v2\/users\/4"}],"replies":[{"embeddable":true,"href":"https:\/\/bisbalpenedes.com\/web\/wp-json\/wp\/v2\/comments?post=25318"}],"version-history":[{"count":2,"href":"https:\/\/bisbalpenedes.com\/web\/wp-json\/wp\/v2\/posts\/25318\/revisions"}],"predecessor-version":[{"id":25320,"href":"https:\/\/bisbalpenedes.com\/web\/wp-json\/wp\/v2\/posts\/25318\/revisions\/25320"}],"wp:featuredmedia":[{"embeddable":true,"href":"https:\/\/bisbalpenedes.com\/web\/wp-json\/wp\/v2\/media\/25304"}],"wp:attachment":[{"href":"https:\/\/bisbalpenedes.com\/web\/wp-json\/wp\/v2\/media?parent=25318"}],"wp:term":[{"taxonomy":"category","embeddable":true,"href":"https:\/\/bisbalpenedes.com\/web\/wp-json\/wp\/v2\/categories?post=25318"},{"taxonomy":"post_tag","embeddable":true,"href":"https:\/\/bisbalpenedes.com\/web\/wp-json\/wp\/v2\/tags?post=25318"}],"curies":[{"name":"wp","href":"https:\/\/api.w.org\/{rel}","templated":true}]}}