{"id":25313,"date":"2023-03-19T19:39:52","date_gmt":"2023-03-19T17:39:52","guid":{"rendered":"https:\/\/bisbalpenedes.com\/web\/?p=25313"},"modified":"2023-03-19T19:42:35","modified_gmt":"2023-03-19T17:42:35","slug":"el-dijous-23-de-gener-a-les-19h-coneix-loficina-de-transicio-energetica-del-baix-penedes","status":"publish","type":"post","link":"https:\/\/bisbalpenedes.com\/web\/2023\/03\/19\/el-dijous-23-de-gener-a-les-19h-coneix-loficina-de-transicio-energetica-del-baix-penedes\/","title":{"rendered":"El dijous 23 de mar\u00e7 a les 19h coneix l&#8217;oficina de transici\u00f3 energ\u00e8tica del Baix Pened\u00e8s"},"content":{"rendered":"\n<p>El proper dijous 23 de mar\u00e7, a les 19h, vine al CMC i coneix l&#8217;oficina de transici\u00f3 energ\u00e8tica del Baix Pened\u00e8s.<br>Si et preocupa la factura de la llum i vols reduir la despesa o vols instal\u00b7lar plaques solars a casa teva, aquest servei comarcal et pot interessar.<\/p>\n\n\n\n<hr class=\"wp-block-separator has-alpha-channel-opacity\"\/>\n\n\n\n<p>El pr\u00f3ximo jueves 23 de marzo, a las 19h, ven al CMC y conoce la oficina de transici\u00f3n energ\u00e9tica del Baix Pened\u00e8s.<br>Si te preocupa la factura de la luz y quieres reducir el gasto o quieres instalar placas solares en tu casa, este servicio comarcal te puede interesar.<\/p>\n","protected":false},"excerpt":{"rendered":"<p>El proper dijous 23 de mar\u00e7, a les 19h, vine al CMC i coneix l&#8217;oficina de transici\u00f3 energ\u00e8tica del Baix Pened\u00e8s.Si et preocupa la factura de la llum i vols &hellip; <a href=\"https:\/\/bisbalpenedes.com\/web\/2023\/03\/19\/el-dijous-23-de-gener-a-les-19h-coneix-loficina-de-transicio-energetica-del-baix-penedes\/\" class=\"more-link\">Read More<\/a><\/p>\n","protected":false},"author":4,"featured_media":25314,"comment_status":"closed","ping_status":"closed","sticky":false,"template":"","format":"standard","meta":[],"categories":[32,8],"tags":[459,393,5904,1374],"_links":{"self":[{"href":"https:\/\/bisbalpenedes.com\/web\/wp-json\/wp\/v2\/posts\/25313"}],"collection":[{"href":"https:\/\/bisbalpenedes.com\/web\/wp-json\/wp\/v2\/posts"}],"about":[{"href":"https:\/\/bisbalpenedes.com\/web\/wp-json\/wp\/v2\/types\/post"}],"author":[{"embeddable":true,"href":"https:\/\/bisbalpenedes.com\/web\/wp-json\/wp\/v2\/users\/4"}],"replies":[{"embeddable":true,"href":"https:\/\/bisbalpenedes.com\/web\/wp-json\/wp\/v2\/comments?post=25313"}],"version-history":[{"count":3,"href":"https:\/\/bisbalpenedes.com\/web\/wp-json\/wp\/v2\/posts\/25313\/revisions"}],"predecessor-version":[{"id":25317,"href":"https:\/\/bisbalpenedes.com\/web\/wp-json\/wp\/v2\/posts\/25313\/revisions\/25317"}],"wp:featuredmedia":[{"embeddable":true,"href":"https:\/\/bisbalpenedes.com\/web\/wp-json\/wp\/v2\/media\/25314"}],"wp:attachment":[{"href":"https:\/\/bisbalpenedes.com\/web\/wp-json\/wp\/v2\/media?parent=25313"}],"wp:term":[{"taxonomy":"category","embeddable":true,"href":"https:\/\/bisbalpenedes.com\/web\/wp-json\/wp\/v2\/categories?post=25313"},{"taxonomy":"post_tag","embeddable":true,"href":"https:\/\/bisbalpenedes.com\/web\/wp-json\/wp\/v2\/tags?post=25313"}],"curies":[{"name":"wp","href":"https:\/\/api.w.org\/{rel}","templated":true}]}}