{"id":25310,"date":"2023-03-16T21:06:01","date_gmt":"2023-03-16T19:06:01","guid":{"rendered":"https:\/\/bisbalpenedes.com\/web\/?p=25310"},"modified":"2023-03-16T21:06:01","modified_gmt":"2023-03-16T19:06:01","slug":"sha-ajornat-lactivitat-que-lassociacio-de-dones-la-roca-foradada-tenia-prevista-per-a-aquest-divendres","status":"publish","type":"post","link":"https:\/\/bisbalpenedes.com\/web\/2023\/03\/16\/sha-ajornat-lactivitat-que-lassociacio-de-dones-la-roca-foradada-tenia-prevista-per-a-aquest-divendres\/","title":{"rendered":"S&#8217;ha ajornat l&#8217;activitat que l&#8217;Associaci\u00f3 de Dones La Roca Foradada tenia prevista per a aquest divendres"},"content":{"rendered":"\n<p>S&#8217;ha ajornat l&#8217;activitat que l&#8217;Associaci\u00f3 de Dones La Roca Foradada tenia prevista per dem\u00e0 divendres. Disculpeu les mol\u00e8sties.<\/p>\n\n\n\n<hr class=\"wp-block-separator has-alpha-channel-opacity\"\/>\n\n\n\n<p>Se ha aplazado la actividad que la Associaci\u00f3 de Dones La Roca Foradada ten\u00eda prevista para ma\u00f1ana viernes. Disculpad las molestias.<\/p>\n","protected":false},"excerpt":{"rendered":"<p>S&#8217;ha ajornat l&#8217;activitat que l&#8217;Associaci\u00f3 de Dones La Roca Foradada tenia prevista per dem\u00e0 divendres. Disculpeu les mol\u00e8sties. Se ha aplazado la actividad que la Associaci\u00f3 de Dones La Roca &hellip; <a href=\"https:\/\/bisbalpenedes.com\/web\/2023\/03\/16\/sha-ajornat-lactivitat-que-lassociacio-de-dones-la-roca-foradada-tenia-prevista-per-a-aquest-divendres\/\" class=\"more-link\">Read More<\/a><\/p>\n","protected":false},"author":4,"featured_media":25311,"comment_status":"closed","ping_status":"closed","sticky":false,"template":"","format":"standard","meta":[],"categories":[20,8],"tags":[2564,459,393,1755,1374],"_links":{"self":[{"href":"https:\/\/bisbalpenedes.com\/web\/wp-json\/wp\/v2\/posts\/25310"}],"collection":[{"href":"https:\/\/bisbalpenedes.com\/web\/wp-json\/wp\/v2\/posts"}],"about":[{"href":"https:\/\/bisbalpenedes.com\/web\/wp-json\/wp\/v2\/types\/post"}],"author":[{"embeddable":true,"href":"https:\/\/bisbalpenedes.com\/web\/wp-json\/wp\/v2\/users\/4"}],"replies":[{"embeddable":true,"href":"https:\/\/bisbalpenedes.com\/web\/wp-json\/wp\/v2\/comments?post=25310"}],"version-history":[{"count":1,"href":"https:\/\/bisbalpenedes.com\/web\/wp-json\/wp\/v2\/posts\/25310\/revisions"}],"predecessor-version":[{"id":25312,"href":"https:\/\/bisbalpenedes.com\/web\/wp-json\/wp\/v2\/posts\/25310\/revisions\/25312"}],"wp:featuredmedia":[{"embeddable":true,"href":"https:\/\/bisbalpenedes.com\/web\/wp-json\/wp\/v2\/media\/25311"}],"wp:attachment":[{"href":"https:\/\/bisbalpenedes.com\/web\/wp-json\/wp\/v2\/media?parent=25310"}],"wp:term":[{"taxonomy":"category","embeddable":true,"href":"https:\/\/bisbalpenedes.com\/web\/wp-json\/wp\/v2\/categories?post=25310"},{"taxonomy":"post_tag","embeddable":true,"href":"https:\/\/bisbalpenedes.com\/web\/wp-json\/wp\/v2\/tags?post=25310"}],"curies":[{"name":"wp","href":"https:\/\/api.w.org\/{rel}","templated":true}]}}