{"id":25299,"date":"2023-03-16T12:18:00","date_gmt":"2023-03-16T10:18:00","guid":{"rendered":"https:\/\/bisbalpenedes.com\/web\/?p=25299"},"modified":"2023-03-16T12:18:00","modified_gmt":"2023-03-16T10:18:00","slug":"el-cmc-acollira-els-tallers-de-dansa-i-tecnica-de-moviment-per-a-lempoderament-femeni-tots-els-dimecres-del-22-de-marc-al-14-de-juny","status":"publish","type":"post","link":"https:\/\/bisbalpenedes.com\/web\/2023\/03\/16\/el-cmc-acollira-els-tallers-de-dansa-i-tecnica-de-moviment-per-a-lempoderament-femeni-tots-els-dimecres-del-22-de-marc-al-14-de-juny\/","title":{"rendered":"El CMC acollir\u00e0 els tallers de dansa i t\u00e8cnica de moviment per a l\u2019empoderament femen\u00ed tots els dimecres del 22 de mar\u00e7 al 14 de juny"},"content":{"rendered":"\n<p>El CMC acollir\u00e0 els tallers de dansa i t\u00e8cnica de moviment per a l\u2019empoderament femen\u00ed, tots els dimecres del 22 de mar\u00e7 al 14 de juny.<\/p>\n\n\n\n<p>Per assistir-hi, no cal inscriure-s\u2019hi pr\u00e8viament ni tenir experi\u00e8ncia pr\u00e8via, nom\u00e9s cal tenir ganes d\u2019explorar i gaudir de la vostra feminitat.<\/p>\n\n\n\n<p>Aquesta \u00e9s una activitat que forma part de les activitats organitzades en el marc del Pacte d\u2019Estat contra la viol\u00e8ncia de G\u00e8nere.<\/p>\n\n\n\n<hr class=\"wp-block-separator has-alpha-channel-opacity\"\/>\n\n\n\n<p>El CMC acoger\u00e1 los talleres de danza y t\u00e9cnica de movimiento para el empoderamiento femenino, todos los mi\u00e9rcoles del 22 de marzo al 14 de junio.<\/p>\n\n\n\n<p>Para asistir a los talleres no es necesario inscribirse previamente ni tener experiencia previa, solamente hay que tener ganas de explorar y disfrutar de vuestra feminidad.<\/p>\n\n\n\n<p>Esta es una actividad que forma parte de las actividades organizadas en el marco del Pacto de Estado contra la violencia de g\u00e9nero.<\/p>\n","protected":false},"excerpt":{"rendered":"<p>El CMC acollir\u00e0 els tallers de dansa i t\u00e8cnica de moviment per a l\u2019empoderament femen\u00ed, tots els dimecres del 22 de mar\u00e7 al 14 de juny. Per assistir-hi, no cal &hellip; <a href=\"https:\/\/bisbalpenedes.com\/web\/2023\/03\/16\/el-cmc-acollira-els-tallers-de-dansa-i-tecnica-de-moviment-per-a-lempoderament-femeni-tots-els-dimecres-del-22-de-marc-al-14-de-juny\/\" class=\"more-link\">Read More<\/a><\/p>\n","protected":false},"author":4,"featured_media":25300,"comment_status":"closed","ping_status":"closed","sticky":false,"template":"","format":"standard","meta":[],"categories":[3851,8],"tags":[459,5903,5902,393],"_links":{"self":[{"href":"https:\/\/bisbalpenedes.com\/web\/wp-json\/wp\/v2\/posts\/25299"}],"collection":[{"href":"https:\/\/bisbalpenedes.com\/web\/wp-json\/wp\/v2\/posts"}],"about":[{"href":"https:\/\/bisbalpenedes.com\/web\/wp-json\/wp\/v2\/types\/post"}],"author":[{"embeddable":true,"href":"https:\/\/bisbalpenedes.com\/web\/wp-json\/wp\/v2\/users\/4"}],"replies":[{"embeddable":true,"href":"https:\/\/bisbalpenedes.com\/web\/wp-json\/wp\/v2\/comments?post=25299"}],"version-history":[{"count":1,"href":"https:\/\/bisbalpenedes.com\/web\/wp-json\/wp\/v2\/posts\/25299\/revisions"}],"predecessor-version":[{"id":25301,"href":"https:\/\/bisbalpenedes.com\/web\/wp-json\/wp\/v2\/posts\/25299\/revisions\/25301"}],"wp:featuredmedia":[{"embeddable":true,"href":"https:\/\/bisbalpenedes.com\/web\/wp-json\/wp\/v2\/media\/25300"}],"wp:attachment":[{"href":"https:\/\/bisbalpenedes.com\/web\/wp-json\/wp\/v2\/media?parent=25299"}],"wp:term":[{"taxonomy":"category","embeddable":true,"href":"https:\/\/bisbalpenedes.com\/web\/wp-json\/wp\/v2\/categories?post=25299"},{"taxonomy":"post_tag","embeddable":true,"href":"https:\/\/bisbalpenedes.com\/web\/wp-json\/wp\/v2\/tags?post=25299"}],"curies":[{"name":"wp","href":"https:\/\/api.w.org\/{rel}","templated":true}]}}