{"id":25288,"date":"2023-03-15T19:29:09","date_gmt":"2023-03-15T17:29:09","guid":{"rendered":"https:\/\/bisbalpenedes.com\/web\/?p=25288"},"modified":"2023-03-15T19:29:09","modified_gmt":"2023-03-15T17:29:09","slug":"aquest-dimarts-lalcaldessa-agnes-ferre-ha-representat-la-bisbal-en-un-debat-municipalista-de-lacm-sobre-politiques-docupacio","status":"publish","type":"post","link":"https:\/\/bisbalpenedes.com\/web\/2023\/03\/15\/aquest-dimarts-lalcaldessa-agnes-ferre-ha-representat-la-bisbal-en-un-debat-municipalista-de-lacm-sobre-politiques-docupacio\/","title":{"rendered":"Aquest dimarts l&#8217;alcaldessa Agn\u00e8s Ferr\u00e9 ha representat la Bisbal en un Debat Municipalista de l&#8217;ACM sobre pol\u00edtiques d&#8217;ocupaci\u00f3"},"content":{"rendered":"\n<p>L\u2019alcaldessa de la Bisbal del Pened\u00e8s, Agn\u00e8s Ferr\u00e9, ha participat aquest dimarts 14 de mar\u00e7 en un Debat Municipalista centrat en l\u2019Acord marc de concertaci\u00f3 territorial de les pol\u00edtiques d\u2019ocupaci\u00f3, organitzat des de l\u2019Associaci\u00f3 Catalana de Municipis.<\/p>\n\n\n\n<p>La sessi\u00f3 ha comptat amb m\u00e9s de 250 participants, a dist\u00e0ncia, des de diferents administracions locals i ha estat inaugurada per la secret\u00e0ria general de l\u2019ACM, Joana Ortega; i el secretari de Treball del Departament d\u2019Empresa i Treball, Enric Vinaixa.<\/p>\n\n\n\n<p>L\u2019alcaldessa bisbalenca ha intervingut en la part final del debat, quan la cap de l\u2019\u00c0rea de Gesti\u00f3 del Coneixement del SOC, Laura Comellas, ha presentat l\u2019\u00edndex sint\u00e8tic de desenvolupament econ\u00f2mic local, una eina per millorar la planificaci\u00f3 de les pol\u00edtiques p\u00fabliques d\u2019arreu de Catalunya.<\/p>\n\n\n\n<hr class=\"wp-block-separator has-alpha-channel-opacity\"\/>\n\n\n\n<p>La alcaldesa de la Bisbal del Pened\u00e8s, Agn\u00e8s Ferr\u00e9, ha participado este martes 14 de marzo en un Debate Municipalista centrado en el Acuerdo marco de concertaci\u00f3n territorial de las pol\u00edticas de ocupaci\u00f3n, organizado desde la Associaci\u00f3 Catalana de Municipis.<\/p>\n\n\n\n<p>La sesi\u00f3n ha contado con m\u00e1s de 250 participantes, a distancia, desde distintas administraciones locales y ha sido inaugurada por la secretaria general de la ACM, Joana Ortega; y el secretario de Trabajo del Departamento de Empresa y Trabajo, Enric Vinaixa.<\/p>\n\n\n\n<p>La alcaldesa de la Bisbal ha intervenido en la parte final del debate, cuando la jefa del \u00c1rea de Gesti\u00f3n del Conocimiento del SOC, Laura Comellas, ha presentado el \u00edndice sint\u00e9tico de desarrollo econ\u00f3mico local, una herramienta para mejorar la planificaci\u00f3n de las pol\u00edticas p\u00fablicas de toda Catalu\u00f1a.<\/p>\n\n\n\n<figure class=\"wp-block-image size-large\"><img loading=\"lazy\" width=\"1024\" height=\"683\" src=\"https:\/\/bisbalpenedes.com\/web\/wp-content\/uploads\/2023\/03\/ACM6-1024x683.jpg\" alt=\"\" class=\"wp-image-25290\" srcset=\"https:\/\/bisbalpenedes.com\/web\/wp-content\/uploads\/2023\/03\/ACM6-1024x683.jpg 1024w, https:\/\/bisbalpenedes.com\/web\/wp-content\/uploads\/2023\/03\/ACM6-300x200.jpg 300w, https:\/\/bisbalpenedes.com\/web\/wp-content\/uploads\/2023\/03\/ACM6-768x512.jpg 768w, https:\/\/bisbalpenedes.com\/web\/wp-content\/uploads\/2023\/03\/ACM6-1536x1025.jpg 1536w, https:\/\/bisbalpenedes.com\/web\/wp-content\/uploads\/2023\/03\/ACM6-600x400.jpg 600w, https:\/\/bisbalpenedes.com\/web\/wp-content\/uploads\/2023\/03\/ACM6.jpg 2000w\" sizes=\"(max-width: 1024px) 100vw, 1024px\" \/><\/figure>\n\n\n\n<figure class=\"wp-block-image size-large\"><img loading=\"lazy\" width=\"1024\" height=\"683\" src=\"https:\/\/bisbalpenedes.com\/web\/wp-content\/uploads\/2023\/03\/ACM3-1024x683.jpg\" alt=\"\" class=\"wp-image-25291\" srcset=\"https:\/\/bisbalpenedes.com\/web\/wp-content\/uploads\/2023\/03\/ACM3-1024x683.jpg 1024w, https:\/\/bisbalpenedes.com\/web\/wp-content\/uploads\/2023\/03\/ACM3-300x200.jpg 300w, https:\/\/bisbalpenedes.com\/web\/wp-content\/uploads\/2023\/03\/ACM3-768x512.jpg 768w, https:\/\/bisbalpenedes.com\/web\/wp-content\/uploads\/2023\/03\/ACM3-1536x1025.jpg 1536w, https:\/\/bisbalpenedes.com\/web\/wp-content\/uploads\/2023\/03\/ACM3-600x400.jpg 600w, https:\/\/bisbalpenedes.com\/web\/wp-content\/uploads\/2023\/03\/ACM3.jpg 2000w\" sizes=\"(max-width: 1024px) 100vw, 1024px\" \/><\/figure>\n","protected":false},"excerpt":{"rendered":"<p>L\u2019alcaldessa de la Bisbal del Pened\u00e8s, Agn\u00e8s Ferr\u00e9, ha participat aquest dimarts 14 de mar\u00e7 en un Debat Municipalista centrat en l\u2019Acord marc de concertaci\u00f3 territorial de les pol\u00edtiques d\u2019ocupaci\u00f3, &hellip; <a href=\"https:\/\/bisbalpenedes.com\/web\/2023\/03\/15\/aquest-dimarts-lalcaldessa-agnes-ferre-ha-representat-la-bisbal-en-un-debat-municipalista-de-lacm-sobre-politiques-docupacio\/\" class=\"more-link\">Read More<\/a><\/p>\n","protected":false},"author":4,"featured_media":25289,"comment_status":"closed","ping_status":"closed","sticky":false,"template":"","format":"standard","meta":[],"categories":[2057,8,9],"tags":[1151,876,393,1374],"_links":{"self":[{"href":"https:\/\/bisbalpenedes.com\/web\/wp-json\/wp\/v2\/posts\/25288"}],"collection":[{"href":"https:\/\/bisbalpenedes.com\/web\/wp-json\/wp\/v2\/posts"}],"about":[{"href":"https:\/\/bisbalpenedes.com\/web\/wp-json\/wp\/v2\/types\/post"}],"author":[{"embeddable":true,"href":"https:\/\/bisbalpenedes.com\/web\/wp-json\/wp\/v2\/users\/4"}],"replies":[{"embeddable":true,"href":"https:\/\/bisbalpenedes.com\/web\/wp-json\/wp\/v2\/comments?post=25288"}],"version-history":[{"count":1,"href":"https:\/\/bisbalpenedes.com\/web\/wp-json\/wp\/v2\/posts\/25288\/revisions"}],"predecessor-version":[{"id":25292,"href":"https:\/\/bisbalpenedes.com\/web\/wp-json\/wp\/v2\/posts\/25288\/revisions\/25292"}],"wp:featuredmedia":[{"embeddable":true,"href":"https:\/\/bisbalpenedes.com\/web\/wp-json\/wp\/v2\/media\/25289"}],"wp:attachment":[{"href":"https:\/\/bisbalpenedes.com\/web\/wp-json\/wp\/v2\/media?parent=25288"}],"wp:term":[{"taxonomy":"category","embeddable":true,"href":"https:\/\/bisbalpenedes.com\/web\/wp-json\/wp\/v2\/categories?post=25288"},{"taxonomy":"post_tag","embeddable":true,"href":"https:\/\/bisbalpenedes.com\/web\/wp-json\/wp\/v2\/tags?post=25288"}],"curies":[{"name":"wp","href":"https:\/\/api.w.org\/{rel}","templated":true}]}}