{"id":25283,"date":"2023-03-14T15:52:50","date_gmt":"2023-03-14T13:52:50","guid":{"rendered":"https:\/\/bisbalpenedes.com\/web\/?p=25283"},"modified":"2023-03-14T15:52:50","modified_gmt":"2023-03-14T13:52:50","slug":"el-dimarts-28-de-marc-a-les-18h-tindra-lloc-un-taller-per-a-persones-cuidadores-organitzat-des-de-lassociacio-amatista","status":"publish","type":"post","link":"https:\/\/bisbalpenedes.com\/web\/2023\/03\/14\/el-dimarts-28-de-marc-a-les-18h-tindra-lloc-un-taller-per-a-persones-cuidadores-organitzat-des-de-lassociacio-amatista\/","title":{"rendered":"El dimarts 28 de mar\u00e7 a les 18h tindr\u00e0 lloc un taller per a persones cuidadores organitzat des de l&#8217;Associaci\u00f3 Amatista"},"content":{"rendered":"\n<p>L&#8217;Associaci\u00f3 Amatista promou el taller &#8220;Inspirar-se per cuidar&#8221;, adre\u00e7at a persones cuidadores. Anir\u00e0 a c\u00e0rrec de l&#8217;Escola de Cuidadors de la Fundaci\u00f3 &#8220;La Caixa&#8221; i es far\u00e0 el dimarts 28 de mar\u00e7 de 18:00h a 19:30h. Trobareu m\u00e9s informaci\u00f3 al cartell adjunt.<\/p>\n\n\n\n<hr class=\"wp-block-separator has-alpha-channel-opacity\"\/>\n\n\n\n<p>La Associaci\u00f3 Amatista promueve el taller &#8220;Inspirarse para cuidar&#8221;, dirigido a personas cuidadoras. Ir\u00e1 a cargo de la Escuela de Cuidadores de la Fundaci\u00f3n &#8220;La Caixa&#8221; y se har\u00e1 en martes 28 de marzo de 18:00h a 19:30h. Encontrar\u00e9is m\u00e1s informaci\u00f3n en el cartel adjunto.<\/p>\n","protected":false},"excerpt":{"rendered":"<p>L&#8217;Associaci\u00f3 Amatista promou el taller &#8220;Inspirar-se per cuidar&#8221;, adre\u00e7at a persones cuidadores. Anir\u00e0 a c\u00e0rrec de l&#8217;Escola de Cuidadors de la Fundaci\u00f3 &#8220;La Caixa&#8221; i es far\u00e0 el dimarts 28 &hellip; <a href=\"https:\/\/bisbalpenedes.com\/web\/2023\/03\/14\/el-dimarts-28-de-marc-a-les-18h-tindra-lloc-un-taller-per-a-persones-cuidadores-organitzat-des-de-lassociacio-amatista\/\" class=\"more-link\">Read More<\/a><\/p>\n","protected":false},"author":4,"featured_media":25284,"comment_status":"closed","ping_status":"closed","sticky":false,"template":"","format":"standard","meta":[],"categories":[20,8],"tags":[5901,459,5482,393,1374],"_links":{"self":[{"href":"https:\/\/bisbalpenedes.com\/web\/wp-json\/wp\/v2\/posts\/25283"}],"collection":[{"href":"https:\/\/bisbalpenedes.com\/web\/wp-json\/wp\/v2\/posts"}],"about":[{"href":"https:\/\/bisbalpenedes.com\/web\/wp-json\/wp\/v2\/types\/post"}],"author":[{"embeddable":true,"href":"https:\/\/bisbalpenedes.com\/web\/wp-json\/wp\/v2\/users\/4"}],"replies":[{"embeddable":true,"href":"https:\/\/bisbalpenedes.com\/web\/wp-json\/wp\/v2\/comments?post=25283"}],"version-history":[{"count":1,"href":"https:\/\/bisbalpenedes.com\/web\/wp-json\/wp\/v2\/posts\/25283\/revisions"}],"predecessor-version":[{"id":25285,"href":"https:\/\/bisbalpenedes.com\/web\/wp-json\/wp\/v2\/posts\/25283\/revisions\/25285"}],"wp:featuredmedia":[{"embeddable":true,"href":"https:\/\/bisbalpenedes.com\/web\/wp-json\/wp\/v2\/media\/25284"}],"wp:attachment":[{"href":"https:\/\/bisbalpenedes.com\/web\/wp-json\/wp\/v2\/media?parent=25283"}],"wp:term":[{"taxonomy":"category","embeddable":true,"href":"https:\/\/bisbalpenedes.com\/web\/wp-json\/wp\/v2\/categories?post=25283"},{"taxonomy":"post_tag","embeddable":true,"href":"https:\/\/bisbalpenedes.com\/web\/wp-json\/wp\/v2\/tags?post=25283"}],"curies":[{"name":"wp","href":"https:\/\/api.w.org\/{rel}","templated":true}]}}