{"id":25274,"date":"2023-03-14T14:14:18","date_gmt":"2023-03-14T12:14:18","guid":{"rendered":"https:\/\/bisbalpenedes.com\/web\/?p=25274"},"modified":"2023-03-14T14:14:18","modified_gmt":"2023-03-14T12:14:18","slug":"saprova-per-junta-de-govern-la-certificacio-numero-1-de-les-obres-de-la-fassina","status":"publish","type":"post","link":"https:\/\/bisbalpenedes.com\/web\/2023\/03\/14\/saprova-per-junta-de-govern-la-certificacio-numero-1-de-les-obres-de-la-fassina\/","title":{"rendered":"<strong>S&#8217;aprova per Junta de Govern la certificaci\u00f3 n\u00famero 1, de les obres de la fassina<\/strong>"},"content":{"rendered":"\n<p>La Junta de Govern del dilluns 13 de mar\u00e7 va aprovar la certificaci\u00f3 n\u00famero 1 de les obres de la fassina, que van comen\u00e7ar al mes de febrer. La primera certificaci\u00f3 \u00e9s de 19.650,48\u20ac (IVA incl\u00f2s) i correspon a les excavacions de cales i al moviment de terres.<\/p>\n\n\n\n<p>Les obres de la fassina tenen un pressupost total de 694.204,19\u20ac (IVA incl\u00f2s) i les executa l\u2019empresa Construcciones Asensio S.A., que \u00e9s la mateixa empresa adjudicat\u00e0ria de les obres de la primera fase del poliesportiu municipal.<\/p>\n\n\n\n<p>Aquesta proposta es va aprovar per Junta de Govern amb compet\u00e8ncia delegada del Ple mitjan\u00e7ant l\u2019acord plenari del 4 de juliol de 2019. Les sessions de la Junta de Govern no s\u00f3n p\u00fabliques, per\u00f2 quan actua amb compet\u00e8ncies delegades del Ple la sessi\u00f3 se sotmet als mateixos requisits de publicitat que les sessions del Ple, que s\u00f3n p\u00fabliques. Per aquest motiu es van obrir les portes de la sala de Plens perqu\u00e8 hi pogu\u00e9s assistir p\u00fablic i es va gravar aquest punt de l\u2019ordre del dia, que es pot veure a Youtube: <\/p>\n\n\n\n<figure class=\"wp-block-embed is-type-video is-provider-youtube wp-block-embed-youtube wp-embed-aspect-16-9 wp-has-aspect-ratio\"><div class=\"wp-block-embed__wrapper\">\n<iframe loading=\"lazy\" title=\"Propostes de l\u2019Ordre del dia de la Junta de Govern del 13\/03\/2023 amb compet\u00e8ncia delegada del Ple A\" width=\"1170\" height=\"658\" src=\"https:\/\/www.youtube.com\/embed\/Bb_UtfX8goM?feature=oembed\" frameborder=\"0\" allow=\"accelerometer; autoplay; clipboard-write; encrypted-media; gyroscope; picture-in-picture; web-share\" allowfullscreen><\/iframe>\n<\/div><\/figure>\n\n\n\n<hr class=\"wp-block-separator has-alpha-channel-opacity\"\/>\n\n\n\n<p>La Junta de Gobierno del lunes 13 de marzo aprob\u00f3 la certificaci\u00f3n n\u00famero 1 de las obres de la <em>fassina,<\/em> que empezaron en febrero. La primera certificaci\u00f3n es de 19.650,48\u20ac (IVA incluido) y corresponde a las excavaciones de cales y al movimiento de tierras.<\/p>\n\n\n\n<p>Las obres de la <em>fassina<\/em> tienen un presupuesto total de 694.204,19\u20ac (IVA incluido) y las ejecuta la empresa Construcciones Asensio S.A., que es la misma empresa adjudicataria de las obras de la primera fase del polideportivo municipal.<\/p>\n\n\n\n<p>Esta propuesta se aprob\u00f3 por Junta de Gobierno con competencia delegada del Pleno mediante el acuerdo plenario del 4 de julio de 2019. Las sesiones de la Junta de Gobierno no son p\u00fablicas, pero cuando act\u00faa con competencias delegadas del Pleno la sesi\u00f3n se somete a los mismos requisitos de publicidad que las sesiones del Pleno, que son p\u00fablicas. Por este motivo se abrieron las puertas de la sala de Plenos para que pudiese asistir p\u00fablica y se grab\u00f3 este punto del orden del d\u00eda, que se puede ver en Youtube: <\/p>\n\n\n\n<figure class=\"wp-block-embed is-type-video is-provider-youtube wp-block-embed-youtube wp-embed-aspect-16-9 wp-has-aspect-ratio\"><div class=\"wp-block-embed__wrapper\">\n<iframe loading=\"lazy\" title=\"Propostes de l\u2019Ordre del dia de la Junta de Govern del 13\/03\/2023 amb compet\u00e8ncia delegada del Ple A\" width=\"1170\" height=\"658\" src=\"https:\/\/www.youtube.com\/embed\/Bb_UtfX8goM?feature=oembed\" frameborder=\"0\" allow=\"accelerometer; autoplay; clipboard-write; encrypted-media; gyroscope; picture-in-picture; web-share\" allowfullscreen><\/iframe>\n<\/div><\/figure>\n","protected":false},"excerpt":{"rendered":"<p>La Junta de Govern del dilluns 13 de mar\u00e7 va aprovar la certificaci\u00f3 n\u00famero 1 de les obres de la fassina, que van comen\u00e7ar al mes de febrer. La primera &hellip; <a href=\"https:\/\/bisbalpenedes.com\/web\/2023\/03\/14\/saprova-per-junta-de-govern-la-certificacio-numero-1-de-les-obres-de-la-fassina\/\" class=\"more-link\">Read More<\/a><\/p>\n","protected":false},"author":4,"featured_media":25275,"comment_status":"closed","ping_status":"closed","sticky":false,"template":"","format":"standard","meta":[],"categories":[13,8],"tags":[4538,225,686,393,21],"_links":{"self":[{"href":"https:\/\/bisbalpenedes.com\/web\/wp-json\/wp\/v2\/posts\/25274"}],"collection":[{"href":"https:\/\/bisbalpenedes.com\/web\/wp-json\/wp\/v2\/posts"}],"about":[{"href":"https:\/\/bisbalpenedes.com\/web\/wp-json\/wp\/v2\/types\/post"}],"author":[{"embeddable":true,"href":"https:\/\/bisbalpenedes.com\/web\/wp-json\/wp\/v2\/users\/4"}],"replies":[{"embeddable":true,"href":"https:\/\/bisbalpenedes.com\/web\/wp-json\/wp\/v2\/comments?post=25274"}],"version-history":[{"count":1,"href":"https:\/\/bisbalpenedes.com\/web\/wp-json\/wp\/v2\/posts\/25274\/revisions"}],"predecessor-version":[{"id":25276,"href":"https:\/\/bisbalpenedes.com\/web\/wp-json\/wp\/v2\/posts\/25274\/revisions\/25276"}],"wp:featuredmedia":[{"embeddable":true,"href":"https:\/\/bisbalpenedes.com\/web\/wp-json\/wp\/v2\/media\/25275"}],"wp:attachment":[{"href":"https:\/\/bisbalpenedes.com\/web\/wp-json\/wp\/v2\/media?parent=25274"}],"wp:term":[{"taxonomy":"category","embeddable":true,"href":"https:\/\/bisbalpenedes.com\/web\/wp-json\/wp\/v2\/categories?post=25274"},{"taxonomy":"post_tag","embeddable":true,"href":"https:\/\/bisbalpenedes.com\/web\/wp-json\/wp\/v2\/tags?post=25274"}],"curies":[{"name":"wp","href":"https:\/\/api.w.org\/{rel}","templated":true}]}}