{"id":25253,"date":"2023-03-14T12:08:01","date_gmt":"2023-03-14T10:08:01","guid":{"rendered":"https:\/\/bisbalpenedes.com\/web\/?p=25253"},"modified":"2023-03-14T12:15:09","modified_gmt":"2023-03-14T10:15:09","slug":"lajuntament-de-la-bisbal-del-penedes-adjudica-una-parcella-de-la-miralba-per-limpagament-de-les-quotes-durbanitzacio","status":"publish","type":"post","link":"https:\/\/bisbalpenedes.com\/web\/2023\/03\/14\/lajuntament-de-la-bisbal-del-penedes-adjudica-una-parcella-de-la-miralba-per-limpagament-de-les-quotes-durbanitzacio\/","title":{"rendered":"L\u2019Ajuntament de la Bisbal del Pened\u00e8s s&#8217;ha adjudicat una parcel\u00b7la de la Miralba per l\u2019impagament de les quotes d\u2019urbanitzaci\u00f3"},"content":{"rendered":"\n<p><sub>*Imatge d&#8217;arxiu: un carrer de la Miralba<\/sub><\/p>\n\n\n\n<p>La Junta de Govern del 13 de mar\u00e7 ha aprovat l\u2019adjudicaci\u00f3 d\u2019una parcel\u00b7la al carrer Narc\u00eds de la Miralba, per impagament de les quotes d\u2019urbanitzaci\u00f3.<\/p>\n\n\n\n<p>El febrer de 2008 es van aprovar les liquidacions i el pagament de les quotes urban\u00edstiques provisionals de les parcel\u00b7les resultants de la reparcel\u00b7laci\u00f3 de la Miralba. BASE va informar a l\u2019Ajuntament de la Bisbal del Pened\u00e8s que una parcel\u00b7la del carrer Narc\u00eds -sense cap habitatge constru\u00eft- tenia deutes de les quotes d\u2019urbanitzaci\u00f3 i que la subhasta p\u00fablica del b\u00e9 embargat havia quedat deserta. La parcel\u00b7la no t\u00e9 un propietari assignat, ja que els hereus no van acceptar l\u2019her\u00e8ncia de la parcel\u00b7la. Per tot plegat, l\u2019Ajuntament de la Bisbal del Pened\u00e8s s\u2019ha adjudicat aquesta parcel\u00b7la per compensar el deute de les quotes d\u2019urbanitzaci\u00f3.<\/p>\n\n\n\n<hr class=\"wp-block-separator has-alpha-channel-opacity\"\/>\n\n\n\n<p><strong>CASTELLANO |<\/strong> La Junta de Gobierno del 13 de marzo ha aprobado la adjudicaci\u00f3n de una parcela en la calle Narc\u00eds de La Miralba, por impago de las cuotas de urbanizaci\u00f3n.<\/p>\n\n\n\n<p>En febrero de 2008 se aprobaron las liquidaciones y el pago de las cuotas urban\u00edsticas provisionales de las parcelas resultantes de la reparcelaci\u00f3n de la Miralba. BASE inform\u00f3 al Ayuntamiento de la Bisbal del Pened\u00e8s de que una parcela de la calle Narc\u00eds -sin ninguna vivienda construida- ten\u00eda deudas de las cuotas de urbanizaci\u00f3n y que la subasta p\u00fablica del bien embargado hab\u00eda quedado desierta. La parcela no tiene un propietario asignado, ya que los herederos no aceptaron la herencia de la parcela. Por todo ello, el Ayuntamiento de la Bisbal del Pened\u00e8s se ha adjudicado esta parcela para compensar la deuda de las cuotas de urbanizaci\u00f3n.<\/p>\n","protected":false},"excerpt":{"rendered":"<p>*Imatge d&#8217;arxiu: un carrer de la Miralba La Junta de Govern del 13 de mar\u00e7 ha aprovat l\u2019adjudicaci\u00f3 d\u2019una parcel\u00b7la al carrer Narc\u00eds de la Miralba, per impagament de les &hellip; <a href=\"https:\/\/bisbalpenedes.com\/web\/2023\/03\/14\/lajuntament-de-la-bisbal-del-penedes-adjudica-una-parcella-de-la-miralba-per-limpagament-de-les-quotes-durbanitzacio\/\" class=\"more-link\">Read More<\/a><\/p>\n","protected":false},"author":4,"featured_media":25254,"comment_status":"closed","ping_status":"closed","sticky":false,"template":"","format":"standard","meta":[],"categories":[2402,4287,8],"tags":[77,5897,393,2573,1846],"_links":{"self":[{"href":"https:\/\/bisbalpenedes.com\/web\/wp-json\/wp\/v2\/posts\/25253"}],"collection":[{"href":"https:\/\/bisbalpenedes.com\/web\/wp-json\/wp\/v2\/posts"}],"about":[{"href":"https:\/\/bisbalpenedes.com\/web\/wp-json\/wp\/v2\/types\/post"}],"author":[{"embeddable":true,"href":"https:\/\/bisbalpenedes.com\/web\/wp-json\/wp\/v2\/users\/4"}],"replies":[{"embeddable":true,"href":"https:\/\/bisbalpenedes.com\/web\/wp-json\/wp\/v2\/comments?post=25253"}],"version-history":[{"count":3,"href":"https:\/\/bisbalpenedes.com\/web\/wp-json\/wp\/v2\/posts\/25253\/revisions"}],"predecessor-version":[{"id":25257,"href":"https:\/\/bisbalpenedes.com\/web\/wp-json\/wp\/v2\/posts\/25253\/revisions\/25257"}],"wp:featuredmedia":[{"embeddable":true,"href":"https:\/\/bisbalpenedes.com\/web\/wp-json\/wp\/v2\/media\/25254"}],"wp:attachment":[{"href":"https:\/\/bisbalpenedes.com\/web\/wp-json\/wp\/v2\/media?parent=25253"}],"wp:term":[{"taxonomy":"category","embeddable":true,"href":"https:\/\/bisbalpenedes.com\/web\/wp-json\/wp\/v2\/categories?post=25253"},{"taxonomy":"post_tag","embeddable":true,"href":"https:\/\/bisbalpenedes.com\/web\/wp-json\/wp\/v2\/tags?post=25253"}],"curies":[{"name":"wp","href":"https:\/\/api.w.org\/{rel}","templated":true}]}}