{"id":25231,"date":"2023-03-10T08:00:00","date_gmt":"2023-03-10T06:00:00","guid":{"rendered":"https:\/\/bisbalpenedes.com\/web\/?p=25231"},"modified":"2023-03-10T12:11:45","modified_gmt":"2023-03-10T10:11:45","slug":"la-junta-de-govern-del-dilluns-13-de-marc-conte-dues-propostes-amb-competencia-delegada-del-ple","status":"publish","type":"post","link":"https:\/\/bisbalpenedes.com\/web\/2023\/03\/10\/la-junta-de-govern-del-dilluns-13-de-marc-conte-dues-propostes-amb-competencia-delegada-del-ple\/","title":{"rendered":"La Junta de govern del dilluns 13 de mar\u00e7 cont\u00e9 dues propostes amb compet\u00e8ncia delegada del Ple"},"content":{"rendered":"\n<p>Aquest dijous s\u2019ha convocat una Junta de govern ordin\u00e0ria per al dilluns 13 de mar\u00e7 que cont\u00e9 dues propostes amb compet\u00e8ncia delegada del Ple a la Junta de Govern (acord plenari del 4 de juliol de 2019). S\u00f3n les seg\u00fcents<\/p>\n\n\n\n<ul><li>Certificaci\u00f3 n\u00famero 1 de les obres de construcci\u00f3 i rehabilitaci\u00f3 de la fassina.<\/li><li>Certificaci\u00f3 n\u00famero 3 de les obres de la fase 1 del poliesportiu municipal.<\/li><\/ul>\n\n\n\n<p>Les sessions de la Junta de Govern Local no s\u00f3n p\u00fabliques, per\u00f2 quan actua en compet\u00e8ncies delegades del Ple, la sessi\u00f3 se sotmet als mateixos requisits de publicitat que les sessions del Ple, que s\u00f3n p\u00fabliques. Aix\u00ed ho va declarar la STS 161\/2013, de 26 de setembre. Per aquest motiu, els regidors de l&#8217;oposici\u00f3 han rebut un correu electr\u00f2nic&nbsp; de l&#8217;alcaldessa Agn\u00e8s Ferr\u00e9 amb informaci\u00f3 sobre la proposta i tamb\u00e9 s&#8217;obriran les portes de la sala de Plens a les 19:15h per tal que pugui assistir-hi p\u00fablic. Aquest punt es gravar\u00e0 i, posteriorment, es publicar\u00e0 el v\u00eddeo amb l&#8217;objectiu de garantir la seva publicitat.<\/p>\n\n\n\n<hr class=\"wp-block-separator has-alpha-channel-opacity\"\/>\n\n\n\n<p><strong>CASTELLANO | <\/strong>Este jueves se ha convocado una junta de gobierno ordinaria para el lunes 13 de marzo que contiene dos propuestas con competencia delegada del Pleno a la Junta de Gobierno (acuerdo plenario del 4 de julio de 2019). Son las siguientes:<\/p>\n\n\n\n<ul><li>Certificaci\u00f3n n\u00famero 1 de las obras de construcci\u00f3n y rehabilitaci\u00f3n de la fassina.<\/li><li>Certificaci\u00f3n n\u00famero 3 de las obras de la fase 1 del polideportivo municipal.<\/li><\/ul>\n\n\n\n<p>Las sesiones de la Junta de Gobierno Local no son p\u00fablicas, pero cuando act\u00faa en competencias delegadas del Pleno, la sesi\u00f3n se somete a los mismos requisitos de publicidad que las sesiones del Pleno, que son p\u00fablicas. As\u00ed lo declar\u00f3 la STS 161\/2013, de 26 de septiembre. Por este motivo, los concejales de la oposici\u00f3n han recibido un correo electr\u00f3nico de la alcaldesa Agn\u00e8s Ferr\u00e9 con informaci\u00f3n sobre la propuesta y tambi\u00e9n se abrir\u00e1n las puertas de la sala de Plenos a las 19:15h con tal que pueda asistir p\u00fablico. Este punto se grabar\u00e1 y, posteriormente, se publicar\u00e1 el v\u00eddeo con el objetivo de garantizar su publicidad.<\/p>\n","protected":false},"excerpt":{"rendered":"<p>Aquest dijous s\u2019ha convocat una Junta de govern ordin\u00e0ria per al dilluns 13 de mar\u00e7 que cont\u00e9 dues propostes amb compet\u00e8ncia delegada del Ple a la Junta de Govern (acord &hellip; <a href=\"https:\/\/bisbalpenedes.com\/web\/2023\/03\/10\/la-junta-de-govern-del-dilluns-13-de-marc-conte-dues-propostes-amb-competencia-delegada-del-ple\/\" class=\"more-link\">Read More<\/a><\/p>\n","protected":false},"author":4,"featured_media":23970,"comment_status":"closed","ping_status":"closed","sticky":false,"template":"","format":"standard","meta":[],"categories":[3085,8],"tags":[459,2317,686,393,1374,483],"_links":{"self":[{"href":"https:\/\/bisbalpenedes.com\/web\/wp-json\/wp\/v2\/posts\/25231"}],"collection":[{"href":"https:\/\/bisbalpenedes.com\/web\/wp-json\/wp\/v2\/posts"}],"about":[{"href":"https:\/\/bisbalpenedes.com\/web\/wp-json\/wp\/v2\/types\/post"}],"author":[{"embeddable":true,"href":"https:\/\/bisbalpenedes.com\/web\/wp-json\/wp\/v2\/users\/4"}],"replies":[{"embeddable":true,"href":"https:\/\/bisbalpenedes.com\/web\/wp-json\/wp\/v2\/comments?post=25231"}],"version-history":[{"count":1,"href":"https:\/\/bisbalpenedes.com\/web\/wp-json\/wp\/v2\/posts\/25231\/revisions"}],"predecessor-version":[{"id":25232,"href":"https:\/\/bisbalpenedes.com\/web\/wp-json\/wp\/v2\/posts\/25231\/revisions\/25232"}],"wp:featuredmedia":[{"embeddable":true,"href":"https:\/\/bisbalpenedes.com\/web\/wp-json\/wp\/v2\/media\/23970"}],"wp:attachment":[{"href":"https:\/\/bisbalpenedes.com\/web\/wp-json\/wp\/v2\/media?parent=25231"}],"wp:term":[{"taxonomy":"category","embeddable":true,"href":"https:\/\/bisbalpenedes.com\/web\/wp-json\/wp\/v2\/categories?post=25231"},{"taxonomy":"post_tag","embeddable":true,"href":"https:\/\/bisbalpenedes.com\/web\/wp-json\/wp\/v2\/tags?post=25231"}],"curies":[{"name":"wp","href":"https:\/\/api.w.org\/{rel}","templated":true}]}}