{"id":25220,"date":"2023-03-09T12:49:37","date_gmt":"2023-03-09T10:49:37","guid":{"rendered":"https:\/\/bisbalpenedes.com\/web\/?p=25220"},"modified":"2023-03-09T12:49:37","modified_gmt":"2023-03-09T10:49:37","slug":"el-14-de-marc-es-projectaran-dos-audiovisuals-del-cicle-de-muntanya-2023-de-la-diputacio-de-tarragona-a-la-bisbal","status":"publish","type":"post","link":"https:\/\/bisbalpenedes.com\/web\/2023\/03\/09\/el-14-de-marc-es-projectaran-dos-audiovisuals-del-cicle-de-muntanya-2023-de-la-diputacio-de-tarragona-a-la-bisbal\/","title":{"rendered":"<strong>El 14 de mar\u00e7 es projectaran dos audiovisuals del Cicle de Muntanya 2023 de la Diputaci\u00f3 de Tarragona a la Bisbal<\/strong>"},"content":{"rendered":"\n<p>El Centre Municipal de Cultura (CMC) de la Bisbal del Pened\u00e8s acollir\u00e0 la projecci\u00f3 del documental &#8220;The wall of shadows&#8221; i del curtmetratge &#8220;Melting Landscapes. Glaciers&#8221; el dimarts 14 de mar\u00e7, a les 19h, en el marc del Cicle de Muntanya 2023 de la Diputaci\u00f3 de Tarragona.<\/p>\n\n\n\n<p>Enguany, el Cicle de Muntanya arriba a la seva setzena edici\u00f3 i es vehicula sota el lema \u201cCom a fita, la Superaci\u00f3\u201d, ja que: \u201cm\u00e9s enll\u00e0 de la preparaci\u00f3 f\u00edsica que cal per superar les activitats d\u2019alta muntanya, l\u2019escalada, l\u2019espeleologia\u2026 cal una motivaci\u00f3 mental per superar aquest repte. Una motivaci\u00f3 que ens obliga a superar les dificultats i afrontar amb \u00e0nims positius i confian\u00e7a amb l\u2019equip aquestes proves que ens trobem a la muntanya i que podem aplicar als reptes de la vida quotidiana\u201d.<\/p>\n\n\n\n<p>Aix\u00ed doncs, les pon\u00e8ncies i projeccions de la mostra versaran sobre objectius, moments importants personals i col\u00b7lectius que superen l\u2019\u00e0mbit esportiu i medi\u00e0tic.<\/p>\n\n\n\n<p><strong>Documental \u015aCIANA CIENI (THE WALL OF SHADOWS)<\/strong><\/p>\n\n\n\n<p>(El mur de les ombres), dirigit per Eliza Kubarska, ens proposa trencar el tab\u00fa de la tradici\u00f3, all\u00f2 que ens ve imposat, on tres prestigiosos alpinistes, Marcin Tomaszewski, Dmitry Golovchenko i Sergey Nilov i una fam\u00edlia de Sherpa compartiran una expedici\u00f3 occidental al vessant Est del Kumbhakarna (Jannu), una cara que mai havien escalat els occidentals.<\/p>\n\n\n\n<p><strong>Curtmetratge&nbsp;&#8220;MELTING LANDSCAPES GLACIARES\u201d, <\/strong>centrat en un repte global, el canvi clim\u00e0tic reflectit a l\u2019Ant\u00e0rtida, Argentina, Xile, Groenl\u00e0ndia i Isl\u00e0ndia. Som testimonis d\u2019un canvi sense retorn, cada part\u00edcula de gel que es desf\u00e0 a les glaceres de la terra ens acosta lentament a una alteraci\u00f3 del nostre m\u00f3n.<\/p>\n\n\n\n<p>La regidora d\u2019Esports, Leo Uceda, ha explicat que <em>\u201cun any m\u00e9s \u00e9s un orgull, per a nosaltres, formar part dels espais de la demarcaci\u00f3 que acullen aquest Cicle. Juntament amb Tarragona, Reus i Amposta, oferirem les projeccions a la Bisbal. Al nostre municipi hi ha molta afici\u00f3 pels esports de muntanya i l\u2019any passat ja vam tenir una molt bona acceptaci\u00f3 del cicle, per part dels espectadors\u201d.<\/em><\/p>\n\n\n\n<hr class=\"wp-block-separator has-alpha-channel-opacity\"\/>\n\n\n\n<p><strong>CASTELLANO |<\/strong>&nbsp;El Centre Municipal de Cultura (CMC) de la Bisbal del Pened\u00e8s acoger\u00e1 la proyecci\u00f3n del documental &#8220;The wall of shadows&#8221; y del cortometraje &#8220;Melting Landscapes. Glaciers&#8221; el martes 14 de marzo, a las 19h, en el marco del Cicle de Muntanya 2023 de la Diputaci\u00f3 de Tarragona.<\/p>\n\n\n\n<p>Este a\u00f1o, el Cicle de Muntanya llega a su decimosexta edici\u00f3n y se vehicula bajo el lema &#8220;Com a fita, la Superaci\u00f3&#8221;, ya que &#8220;m\u00e1s all\u00e1 de la preparaci\u00f3n f\u00edsica necesaria para superar las actividades de monta\u00f1a, la escalada, la espeleolog\u00eda&#8230; es necesaria una motivaci\u00f3n mental para superar este reto. Una motivaci\u00f3n que nos obliga a superar las dificultades y afrontar con \u00e1nimos positivos y confianza con el equipo estas pruebas que nos encontramos en la monta\u00f1a y que podemos aplicar a los retos de la vida cotidiana&#8221;.<\/p>\n\n\n\n<p>As\u00ed pues, las ponencias y proyecciones de la muestra tratar\u00e1n sobre objetivos, momentos importantes personales y colectivos que superan el \u00e1mbito deportivo y medi\u00e1tico.<\/p>\n\n\n\n<p><strong>Documental <\/strong><strong>\u015aCIANA CIENI (THE WALL OF SHADOWS)<\/strong><\/p>\n\n\n\n<p>(El muro de las sombras), dirigido por Eliza Kubarska, nos propone romper el tamb\u00fa de la tradici\u00f3n, aquello que nos viene impuesto, donde tres prestigiosos alpinistas, Marcin Tomaszewski, Dmitry Golovchenko y Sergey Nilov y una familia de Sherpa compartir\u00e1n una expedici\u00f3n occidental en la vertiente Este del Kumbhakarna (Jannu), una cara que nunca hab\u00edan escalado los occidentales.<\/p>\n\n\n\n<p><strong>Cortometraje &#8220;MELTING LANDSCAPES GLACIARES&#8221;,<\/strong> centrado en un reto global, el cambio clim\u00e1tico reflejado en la Ant\u00e1rtida, Argentina, Chile, Groenlandia e Islandia. Somos testigos de un cambio sin retorno, cada part\u00edcula de hielo que se deshace en los glaciares de la tierra nos acerca lentamente a una alteraci\u00f3n de nuestro mundo.<\/p>\n\n\n\n<p>La concejala de Deportes, Leo Uceda, ha explicado que <em>&#8220;un a\u00f1o m\u00e1s es un orgullo, para nosotros, formar parte de los espacios de la demarcaci\u00f3n que acogen este Ciclo. Junto con Tarragona, Reus y Amposta, ofreceremos las proyecciones en la Bisbal. En nuestro municipio hay mucha afici\u00f3n por los deportes de monta\u00f1a y el a\u00f1o pasado ya tuvimos una muy buena aceptaci\u00f3n del ciclo, por parte de los espectadores&#8221;.<\/em><\/p>\n","protected":false},"excerpt":{"rendered":"<p>El Centre Municipal de Cultura (CMC) de la Bisbal del Pened\u00e8s acollir\u00e0 la projecci\u00f3 del documental &#8220;The wall of shadows&#8221; i del curtmetratge &#8220;Melting Landscapes. Glaciers&#8221; el dimarts 14 de &hellip; <a href=\"https:\/\/bisbalpenedes.com\/web\/2023\/03\/09\/el-14-de-marc-es-projectaran-dos-audiovisuals-del-cicle-de-muntanya-2023-de-la-diputacio-de-tarragona-a-la-bisbal\/\" class=\"more-link\">Read More<\/a><\/p>\n","protected":false},"author":4,"featured_media":25221,"comment_status":"closed","ping_status":"closed","sticky":false,"template":"","format":"standard","meta":[],"categories":[19,8],"tags":[5887,3330,2367,1202,128,5888,368,393,5889],"_links":{"self":[{"href":"https:\/\/bisbalpenedes.com\/web\/wp-json\/wp\/v2\/posts\/25220"}],"collection":[{"href":"https:\/\/bisbalpenedes.com\/web\/wp-json\/wp\/v2\/posts"}],"about":[{"href":"https:\/\/bisbalpenedes.com\/web\/wp-json\/wp\/v2\/types\/post"}],"author":[{"embeddable":true,"href":"https:\/\/bisbalpenedes.com\/web\/wp-json\/wp\/v2\/users\/4"}],"replies":[{"embeddable":true,"href":"https:\/\/bisbalpenedes.com\/web\/wp-json\/wp\/v2\/comments?post=25220"}],"version-history":[{"count":1,"href":"https:\/\/bisbalpenedes.com\/web\/wp-json\/wp\/v2\/posts\/25220\/revisions"}],"predecessor-version":[{"id":25222,"href":"https:\/\/bisbalpenedes.com\/web\/wp-json\/wp\/v2\/posts\/25220\/revisions\/25222"}],"wp:featuredmedia":[{"embeddable":true,"href":"https:\/\/bisbalpenedes.com\/web\/wp-json\/wp\/v2\/media\/25221"}],"wp:attachment":[{"href":"https:\/\/bisbalpenedes.com\/web\/wp-json\/wp\/v2\/media?parent=25220"}],"wp:term":[{"taxonomy":"category","embeddable":true,"href":"https:\/\/bisbalpenedes.com\/web\/wp-json\/wp\/v2\/categories?post=25220"},{"taxonomy":"post_tag","embeddable":true,"href":"https:\/\/bisbalpenedes.com\/web\/wp-json\/wp\/v2\/tags?post=25220"}],"curies":[{"name":"wp","href":"https:\/\/api.w.org\/{rel}","templated":true}]}}