{"id":25212,"date":"2023-03-08T19:12:49","date_gmt":"2023-03-08T17:12:49","guid":{"rendered":"https:\/\/bisbalpenedes.com\/web\/?p=25212"},"modified":"2023-03-08T19:12:49","modified_gmt":"2023-03-08T17:12:49","slug":"comenca-el-termini-per-presentar-propostes-a-la-licitacio-de-les-obres-de-renovacio-de-la-xarxa-daigua-del-priorat-i-can-gordei","status":"publish","type":"post","link":"https:\/\/bisbalpenedes.com\/web\/2023\/03\/08\/comenca-el-termini-per-presentar-propostes-a-la-licitacio-de-les-obres-de-renovacio-de-la-xarxa-daigua-del-priorat-i-can-gordei\/","title":{"rendered":"<strong>Comen\u00e7a el termini per presentar propostes a la licitaci\u00f3 de les obres de renovaci\u00f3 de la xarxa d&#8217;aigua del Priorat i Can Gordei<\/strong>"},"content":{"rendered":"\n<p>Aquest dimarts 7 de mar\u00e7 s&#8217;ha aprovat, mitjan\u00e7ant Decret d&#8217;alcaldia, la licitaci\u00f3 de les obres de renovaci\u00f3 parcial de la xarxa d&#8217;aigua del Priorat i Can Gordei.<\/p>\n\n\n\n<p>El pressupost d&#8217;obres \u00e9s de 583.823,76\u20ac (IVA incl\u00f2s) i el termini per presentar propostes va del 9 al 28 de mar\u00e7 de 2023 (a les 13h).<\/p>\n\n\n\n<p>Al perfil del contractant hi trobareu tota la informaci\u00f3: <a href=\"https:\/\/contractaciopublica.cat\/ca\/detall-publicacio\/200007990\">https:\/\/contractaciopublica.cat\/ca\/detall-publicacio\/200007990<\/a><\/p>\n\n\n\n<p><span style=\"text-decoration: underline;\">Objectiu de les obres:<\/span> evitar avaries a la xarxa, reduir les fuites i millorar l&#8217;efic\u00e0cia de la xarxa d&#8217;abastament d&#8217;aigua al Priorat i Can Gordei. Amb l&#8217;obra, s&#8217;eliminaran les canalitzacions provisionals i s&#8217;instal\u00b7laran noves canalitzacions. Tamb\u00e9 se substituiran o inclouran v\u00e0lvules reguladores de pressi\u00f3 a la xarxa, per evitar problemes ocasionats per les sobrepressions.<\/p>\n\n\n\n<p><span style=\"text-decoration: underline;\">Accions que inclouen les obres:<\/span><\/p>\n\n\n\n<p><strong>Priorat de la Bisbal:<\/strong><\/p>\n\n\n\n<p>-Canviar i soterrar 437 metres de tubs als carrers Zamora, Cuenca, Teruel, C\u00f3rdoba i la Coru\u00f1a.<\/p>\n\n\n\n<p>-Canviar les v\u00e0lvules reguladores al carrer Huesca i a la intersecci\u00f3 del carrer Huesca amb l&#8217;avinguda del Priorat.<\/p>\n\n\n\n<p>-Fer les unions a la xarxa de l&#8217;avinguda del Priorat, en els punts on la canonada no t\u00e9 continu\u00eftat (S\u00f2ria, Guadalajara, Cuenca, Zamora, San Sebasti\u00e1n, Burgos i Badajoz), per evitar punts cecs d&#8217;acumulaci\u00f3 de brut\u00edcia i millorar les pressions a la xarxa.<\/p>\n\n\n\n<p><strong>Can Gordei:<\/strong><\/p>\n\n\n\n<p>-Canviar i soterrar 693 metres de tub als carrers Llobregat, Ebre, Tordera i Bes\u00f2s.<\/p>\n\n\n\n<p>-Instal\u00b7lar 3 v\u00e0lvules reguladores al carrer Cinca amb el carrer Noguera Pallaresa, carrer Segre amb l&#8217;avinguda de Can Gordei i al carrer Ter amb el carrer Gai\u00e0, on tamb\u00e9 s&#8217;instal\u00b7lar\u00e0 un comptador volum\u00e8tric.<\/p>\n\n\n\n<hr class=\"wp-block-separator has-alpha-channel-opacity\"\/>\n\n\n\n<p><strong>CASTELLANO |<\/strong> Este martes 7 de marzo se ha aprobado, mediante Decreto de alcald\u00eda, la licitaci\u00f3n de las obras de renovaci\u00f3n parcial de la red de agua del Priorat y Can Gordei.<\/p>\n\n\n\n<p>El presupuesto de obras es de 583.823,76\u20ac (IVA incluido) y el plazo para presentar propuestas va del 9 al 28 de marzo de 2023 (a las 13h).<\/p>\n\n\n\n<p>En el perfil del contratante encontrar\u00e9is toda la informaci\u00f3n:<\/p>\n\n\n\n<p><a href=\"https:\/\/contractaciopublica.cat\/ca\/detall-publicacio\/200007990\">https:\/\/contractaciopublica.cat\/ca\/detall-publicacio\/200007990<\/a><\/p>\n\n\n\n<p><span style=\"text-decoration: underline;\">Objetivo de las obras:<\/span> evitar aver\u00edas en la red, reducir las fugas y mejorar la eficacia de la red de abastecimiento de agua en el Priorat y Can Gordei. Con la obra, se eliminar\u00e1n las canalizaciones provisionales y se instalar\u00e1n nuevas canalizaciones. Tambi\u00e9n se sustituir\u00e1n o incluir\u00e1n v\u00e1lvulas reguladoras de presi\u00f3n en la red, para evitar problemas ocasionados por las sobrepresiones.<\/p>\n\n\n\n<p><span style=\"text-decoration: underline;\">Acciones que incluyen las obras:<\/span><\/p>\n\n\n\n<p><strong>Priorat de la Bisbal:<\/strong><\/p>\n\n\n\n<p>-Cambiar y soterrar 437 metros de tubos en las calles Zamora, Cuenca, Teruel, C\u00f3rdoba y la Coru\u00f1a.<\/p>\n\n\n\n<p>-Cambiar las v\u00e1lvulas reguladoras en la calle Huesca y en la intersecci\u00f3n de la calle Huesca con la avenida del Priorat.<\/p>\n\n\n\n<p>-Hacer las uniones en la red de la avenida del Priorat, en los puntos en los que la tuber\u00eda no tiene continuidad (Soria, Guadalajara, Cuenca, Zamora, San Sebasti\u00e1n, Burgos y Badajoz), para evitar puntos ciegos de acumulaci\u00f3n de suciedad y mejorar las presiones en la red.<\/p>\n\n\n\n<p><strong>Can Gordei:<\/strong><\/p>\n\n\n\n<p>-Cambiar y soterrar 693 metros de tubo en las calles Llobregat, Ebre, Tordera y Bes\u00f2s.<\/p>\n\n\n\n<p>-Instalar 3 v\u00e1lvulas reguladoras en la calle Cinca con la calle Noguera Pallaresa, calle Segre con la avenida de Can Gordei y en la calle Ter con la calle Gai\u00e0, donde tambi\u00e9n se instalar\u00e1 un contador volum\u00e9trico.<\/p>\n","protected":false},"excerpt":{"rendered":"<p>Aquest dimarts 7 de mar\u00e7 s&#8217;ha aprovat, mitjan\u00e7ant Decret d&#8217;alcaldia, la licitaci\u00f3 de les obres de renovaci\u00f3 parcial de la xarxa d&#8217;aigua del Priorat i Can Gordei. El pressupost d&#8217;obres &hellip; <a href=\"https:\/\/bisbalpenedes.com\/web\/2023\/03\/08\/comenca-el-termini-per-presentar-propostes-a-la-licitacio-de-les-obres-de-renovacio-de-la-xarxa-daigua-del-priorat-i-can-gordei\/\" class=\"more-link\">Read More<\/a><\/p>\n","protected":false},"author":4,"featured_media":24772,"comment_status":"closed","ping_status":"closed","sticky":false,"template":"","format":"standard","meta":[],"categories":[3278,3482,8,3352],"tags":[459,198,393,520],"_links":{"self":[{"href":"https:\/\/bisbalpenedes.com\/web\/wp-json\/wp\/v2\/posts\/25212"}],"collection":[{"href":"https:\/\/bisbalpenedes.com\/web\/wp-json\/wp\/v2\/posts"}],"about":[{"href":"https:\/\/bisbalpenedes.com\/web\/wp-json\/wp\/v2\/types\/post"}],"author":[{"embeddable":true,"href":"https:\/\/bisbalpenedes.com\/web\/wp-json\/wp\/v2\/users\/4"}],"replies":[{"embeddable":true,"href":"https:\/\/bisbalpenedes.com\/web\/wp-json\/wp\/v2\/comments?post=25212"}],"version-history":[{"count":1,"href":"https:\/\/bisbalpenedes.com\/web\/wp-json\/wp\/v2\/posts\/25212\/revisions"}],"predecessor-version":[{"id":25213,"href":"https:\/\/bisbalpenedes.com\/web\/wp-json\/wp\/v2\/posts\/25212\/revisions\/25213"}],"wp:featuredmedia":[{"embeddable":true,"href":"https:\/\/bisbalpenedes.com\/web\/wp-json\/wp\/v2\/media\/24772"}],"wp:attachment":[{"href":"https:\/\/bisbalpenedes.com\/web\/wp-json\/wp\/v2\/media?parent=25212"}],"wp:term":[{"taxonomy":"category","embeddable":true,"href":"https:\/\/bisbalpenedes.com\/web\/wp-json\/wp\/v2\/categories?post=25212"},{"taxonomy":"post_tag","embeddable":true,"href":"https:\/\/bisbalpenedes.com\/web\/wp-json\/wp\/v2\/tags?post=25212"}],"curies":[{"name":"wp","href":"https:\/\/api.w.org\/{rel}","templated":true}]}}