{"id":2521,"date":"2017-06-02T03:13:24","date_gmt":"2017-06-01T21:13:24","guid":{"rendered":"http:\/\/bisbalpenedes.com\/web\/?p=2521"},"modified":"2017-06-02T03:13:24","modified_gmt":"2017-06-01T21:13:24","slug":"el-passat-cap-de-setmana-es-va-celebrar-la-setena-mostra-de-musica-del-baix-penedes","status":"publish","type":"post","link":"https:\/\/bisbalpenedes.com\/web\/2017\/06\/02\/el-passat-cap-de-setmana-es-va-celebrar-la-setena-mostra-de-musica-del-baix-penedes\/","title":{"rendered":"El passat cap de setmana es va celebrar la Setena Mostra de M\u00fasica del Baix Pened\u00e8s"},"content":{"rendered":"<p><a href=\"http:\/\/bisbalpenedes.com\/web\/wp-content\/uploads\/2017\/06\/CunitPresentacio.jpg\"><img loading=\"lazy\" class=\"aligncenter size-medium wp-image-2525\" title=\"CunitPresentacio mostra m\u00fasics\" src=\"http:\/\/bisbalpenedes.com\/web\/wp-content\/uploads\/2017\/06\/CunitPresentacio-300x168.jpg\" alt=\"\" width=\"300\" height=\"168\" srcset=\"https:\/\/bisbalpenedes.com\/web\/wp-content\/uploads\/2017\/06\/CunitPresentacio-300x168.jpg 300w, https:\/\/bisbalpenedes.com\/web\/wp-content\/uploads\/2017\/06\/CunitPresentacio.jpg 448w\" sizes=\"(max-width: 300px) 100vw, 300px\" \/><\/a><\/p>\n<p>El passat dissabte 27 de maig va tenir lloc, a Cunit, la Setena Mostra de M\u00fasica del Baix Pened\u00e8s. Durant la Mostra es va presentar la Guia 2017, que inclou les orquestres de ball, animaci\u00f3 infantil, cant coral, l\u00edrica, cercaviles, DJ\u2019s, grups de rock, grups d\u2019havaneres o formacions de jazz, entre altres, \u00e9s a dir, tot all\u00f2 que ofereixen els artistes comarcals que formen part de l\u2019Associaci\u00f3 de M\u00fasics del Baix Pened\u00e8s (AMBP). Tot i que al web de l\u2019MBP encara no han publicat la Guia 2017, s\u00ed que hi podeu trobar, a la pestanya \u201cArtistes\u201d, bona part de la informaci\u00f3 que cont\u00e9: <a href=\"http:\/\/www.ambp.cat\/\">http:\/\/www.ambp.cat\/<\/a><\/p>\n<p>La presentaci\u00f3 de la Mostra de M\u00fasica del Baix Pened\u00e8s va comptar amb el director dels Serveis Territorials de Cultura de Tarragona, Jordi Agr\u00e0s; l\u2019alcaldessa de Cunit, Montserrat Carreras; i el president de l\u2019AMBP, Jordi L\u00f3pez. Entre les activitats que s\u2019hi van oferir s\u2019hi inclo\u00efen xerrades, concerts, jornades professionals i concerts. A m\u00e9s, va tenir lloc una actuaci\u00f3 amb la Pallassa Tona, que \u00e9s bisbalenca i que tamb\u00e9 forma part de l\u2019Associaci\u00f3 de M\u00fasics del Baix Pened\u00e8s. L\u2019Alcaldessa de La Bisbal del Pened\u00e8s, Agn\u00e8s Ferr\u00e9, va voler ser present durant la presentaci\u00f3 de la guia i l\u2019actuaci\u00f3 de la Pallassa Tona i va aprofitar per gaudir d\u2019altres activitats, com ara el concert vermut amb els Grallers del Pened\u00e8s, els plats cuinats d\u2019\u201dOh! K Bo\u201d del Vendrell, els vins i caves dels Cellers Augustus i Domenus o la m\u00fasica dels baixpenedesencs Jazzul i del grup d\u2019havaneres Veles i Vents. Val a dir que les actuacions musicals van allargar-se fins ben entrada la matinada.<\/p>\n<p><a href=\"http:\/\/bisbalpenedes.com\/web\/wp-content\/uploads\/2017\/06\/CunitTona2.jpg\"><img loading=\"lazy\" class=\"aligncenter size-medium wp-image-2522\" title=\"pallassa tona\" src=\"http:\/\/bisbalpenedes.com\/web\/wp-content\/uploads\/2017\/06\/CunitTona2-300x168.jpg\" alt=\"\" width=\"300\" height=\"168\" srcset=\"https:\/\/bisbalpenedes.com\/web\/wp-content\/uploads\/2017\/06\/CunitTona2-300x168.jpg 300w, https:\/\/bisbalpenedes.com\/web\/wp-content\/uploads\/2017\/06\/CunitTona2.jpg 448w\" sizes=\"(max-width: 300px) 100vw, 300px\" \/><\/a><\/p>\n<p>Cal recordar que l\u2019any passat la vila de La Bisbal va ser l\u2019encarregada d\u2019acollir la sisena mostra i que, en acabar, se\u2019n va fer un balan\u00e7 positiu des de les diverses entitats organitzadores i els participants.<\/p>\n<p>&nbsp;<\/p>\n","protected":false},"excerpt":{"rendered":"<p>El passat dissabte 27 de maig va tenir lloc, a Cunit, la Setena Mostra de M\u00fasica del Baix Pened\u00e8s. Durant la Mostra es va presentar la Guia 2017, que inclou &hellip; <a href=\"https:\/\/bisbalpenedes.com\/web\/2017\/06\/02\/el-passat-cap-de-setmana-es-va-celebrar-la-setena-mostra-de-musica-del-baix-penedes\/\" class=\"more-link\">Read More<\/a><\/p>\n","protected":false},"author":4,"featured_media":2522,"comment_status":"closed","ping_status":"closed","sticky":false,"template":"","format":"standard","meta":[],"categories":[13],"tags":[461,459,458,393,457,460],"_links":{"self":[{"href":"https:\/\/bisbalpenedes.com\/web\/wp-json\/wp\/v2\/posts\/2521"}],"collection":[{"href":"https:\/\/bisbalpenedes.com\/web\/wp-json\/wp\/v2\/posts"}],"about":[{"href":"https:\/\/bisbalpenedes.com\/web\/wp-json\/wp\/v2\/types\/post"}],"author":[{"embeddable":true,"href":"https:\/\/bisbalpenedes.com\/web\/wp-json\/wp\/v2\/users\/4"}],"replies":[{"embeddable":true,"href":"https:\/\/bisbalpenedes.com\/web\/wp-json\/wp\/v2\/comments?post=2521"}],"version-history":[{"count":2,"href":"https:\/\/bisbalpenedes.com\/web\/wp-json\/wp\/v2\/posts\/2521\/revisions"}],"predecessor-version":[{"id":2527,"href":"https:\/\/bisbalpenedes.com\/web\/wp-json\/wp\/v2\/posts\/2521\/revisions\/2527"}],"wp:featuredmedia":[{"embeddable":true,"href":"https:\/\/bisbalpenedes.com\/web\/wp-json\/wp\/v2\/media\/2522"}],"wp:attachment":[{"href":"https:\/\/bisbalpenedes.com\/web\/wp-json\/wp\/v2\/media?parent=2521"}],"wp:term":[{"taxonomy":"category","embeddable":true,"href":"https:\/\/bisbalpenedes.com\/web\/wp-json\/wp\/v2\/categories?post=2521"},{"taxonomy":"post_tag","embeddable":true,"href":"https:\/\/bisbalpenedes.com\/web\/wp-json\/wp\/v2\/tags?post=2521"}],"curies":[{"name":"wp","href":"https:\/\/api.w.org\/{rel}","templated":true}]}}