{"id":25194,"date":"2023-03-10T06:00:00","date_gmt":"2023-03-10T04:00:00","guid":{"rendered":"https:\/\/bisbalpenedes.com\/web\/?p=25194"},"modified":"2023-03-07T14:11:18","modified_gmt":"2023-03-07T12:11:18","slug":"el-dissabte-25-de-marc-el-cmc-acollira-la-projeccio-de-la-pellicula-suro-del-cicle-gaudi","status":"publish","type":"post","link":"https:\/\/bisbalpenedes.com\/web\/2023\/03\/10\/el-dissabte-25-de-marc-el-cmc-acollira-la-projeccio-de-la-pellicula-suro-del-cicle-gaudi\/","title":{"rendered":"<strong>El dissabte 25 de mar\u00e7 el CMC acollir\u00e0 la projecci\u00f3 de la pel\u00b7l\u00edcula \u201cSuro\u201d del Cicle Gaud\u00ed<\/strong>"},"content":{"rendered":"\n<figure class=\"wp-block-embed is-type-video is-provider-youtube wp-block-embed-youtube wp-embed-aspect-16-9 wp-has-aspect-ratio\"><div class=\"wp-block-embed__wrapper\">\n<iframe loading=\"lazy\" title=\"Cicle Gaud\u00ed: &quot;Suro&quot;\" width=\"1170\" height=\"658\" src=\"https:\/\/www.youtube.com\/embed\/zn2Qv9G9354?feature=oembed\" frameborder=\"0\" allow=\"accelerometer; autoplay; clipboard-write; encrypted-media; gyroscope; picture-in-picture; web-share\" allowfullscreen><\/iframe>\n<\/div><\/figure>\n\n\n\n<p>El dissabte 25 de mar\u00e7, a les 18h, el CMC acollir\u00e0 la projecci\u00f3 de la pel\u00b7l\u00edcula \u201cSuro\u201d del Cicle Gaud\u00ed.<\/p>\n\n\n\n<p><strong>FITXA T\u00c8CNICA<\/strong><\/p>\n\n\n\n<ul><li>Direcci\u00f3: Mikel Gurrea<\/li><li>Gui\u00f3: Mikel Gurrea, Francisco Kosterlitz<\/li><li>Productora: Malmo Pictures, Lastor Media, Irusoin<\/li><li>Estrena: Desembre 2022<\/li><li>Durada: 116 min.<\/li><li>G\u00e8nere: Drama<\/li><li>Versi\u00f3: Original en Catal\u00e0<\/li><li>Int\u00e8rprets: Vicky Luengo, Pol L\u00f3pez<\/li><\/ul>\n\n\n\n<p><strong>SINOPSI<\/strong><\/p>\n\n\n\n<p>L\u2019Helena i l\u2019Ivan es proposen construir una nova vida en una casa de la fam\u00edlia a l\u2019Empord\u00e0, enmig de boscos d\u2019alzines sureres. Per\u00f2 els seus punts de vista diferents sobre com viure a la terra emergeixen i desafien el seu futur com a parella.<\/p>\n\n\n\n<p><strong>Nominada a millor interpretaci\u00f3 i direcci\u00f3 novella als Premis Goya, nominada a 10 candidatures als XV Premis Gaud\u00ed i premiada al Festival de Sant Sebasti\u00e0.<\/strong><\/p>\n\n\n\n<p>Com \u00e9s habitual, el preu de l\u2019entrada ser\u00e0 de 4,5\u20ac (general) i 3\u20ac per als espectadors que presentin el carnet de la Biblioteca p\u00fablica de la Bisbal del Pened\u00e8s. Els beneficis es destinaran a l\u2019entitat que gestioni la taquilla abans de la projecci\u00f3 (es fa un sorteig entre les entitats que volen fer aquesta tasca), en aquest cas, l\u2019Associaci\u00f3 de Cors Antistiana.<\/p>\n\n\n\n<hr class=\"wp-block-separator has-alpha-channel-opacity\"\/>\n\n\n\n<p><strong>CASTELLANO | <\/strong>El s\u00e1bado 25 de marzo, a las 18h, el CMC acoger\u00e1 la proyecci\u00f3n de la pel\u00edcula \u201cSuro\u201d del Cicle Gaud\u00ed.<\/p>\n\n\n\n<p><strong>FICHA T\u00c9CNICA<\/strong><\/p>\n\n\n\n<ul><li>Direcci\u00f3n: Mikel Gurrea<\/li><li>Gui\u00f3n: Mikel Gurrea, Francisco Kosterlitz<\/li><li>Productora: Malmo Pictures, Lastor Media, Irusoin<\/li><li>Estreno: Diciembre 2022<\/li><li>Duraci\u00f3n: 116 min.<\/li><li>G\u00e9nero: Drama<\/li><li>Versi\u00f3n: Original en Catal\u00e1n<\/li><li>Int\u00e9rpretes: Vicky Luengo, Pol L\u00f3pez<\/li><\/ul>\n\n\n\n<p><strong>SINOPSIS<\/strong><\/p>\n\n\n\n<p>Helena e Iv\u00e1n se proponen construir una nueva vida en una casa de la familia en el Empord\u00e0, en medio de bosques de encinas alcornoque. Pero sus puntos de vista distintos sobre c\u00f3mo vivir en la tierra emergen y desaf\u00edan su futuro como pareja.<\/p>\n\n\n\n<p><strong>Nominada a mejor interpretaci\u00f3n y direcci\u00f3n novel en los Premios Goya, nominada a 10 candidaturas en los XV Premios Gaud\u00ed y premiada en el Festival de San Sebasti\u00e1n.<\/strong><\/p>\n\n\n\n<p>Como es habitual, el precio de la entrada ser\u00e1 de 4,5\u20ac (general) y 3\u20ac para los espectadores que presenten el carn\u00e9 de la Biblioteca p\u00fablica de la Bisbal del Pened\u00e8s. Los beneficios se destinar\u00e1n a la entidad que gestione la taquilla antes de la proyecci\u00f3n (se hace un sorteo entre las entidades que quieren hacer esta tarea), en este caso, la Associaci\u00f3 de Cors Antistiana.<\/p>\n","protected":false},"excerpt":{"rendered":"<p>El dissabte 25 de mar\u00e7, a les 18h, el CMC acollir\u00e0 la projecci\u00f3 de la pel\u00b7l\u00edcula \u201cSuro\u201d del Cicle Gaud\u00ed. FITXA T\u00c8CNICA Direcci\u00f3: Mikel Gurrea Gui\u00f3: Mikel Gurrea, Francisco Kosterlitz &hellip; <a href=\"https:\/\/bisbalpenedes.com\/web\/2023\/03\/10\/el-dissabte-25-de-marc-el-cmc-acollira-la-projeccio-de-la-pellicula-suro-del-cicle-gaudi\/\" class=\"more-link\">Read More<\/a><\/p>\n","protected":false},"author":4,"featured_media":25113,"comment_status":"closed","ping_status":"closed","sticky":false,"template":"","format":"standard","meta":[],"categories":[2942,13,8],"tags":[755,459,308,307,761,5881,5880,393,1374],"_links":{"self":[{"href":"https:\/\/bisbalpenedes.com\/web\/wp-json\/wp\/v2\/posts\/25194"}],"collection":[{"href":"https:\/\/bisbalpenedes.com\/web\/wp-json\/wp\/v2\/posts"}],"about":[{"href":"https:\/\/bisbalpenedes.com\/web\/wp-json\/wp\/v2\/types\/post"}],"author":[{"embeddable":true,"href":"https:\/\/bisbalpenedes.com\/web\/wp-json\/wp\/v2\/users\/4"}],"replies":[{"embeddable":true,"href":"https:\/\/bisbalpenedes.com\/web\/wp-json\/wp\/v2\/comments?post=25194"}],"version-history":[{"count":3,"href":"https:\/\/bisbalpenedes.com\/web\/wp-json\/wp\/v2\/posts\/25194\/revisions"}],"predecessor-version":[{"id":25198,"href":"https:\/\/bisbalpenedes.com\/web\/wp-json\/wp\/v2\/posts\/25194\/revisions\/25198"}],"wp:featuredmedia":[{"embeddable":true,"href":"https:\/\/bisbalpenedes.com\/web\/wp-json\/wp\/v2\/media\/25113"}],"wp:attachment":[{"href":"https:\/\/bisbalpenedes.com\/web\/wp-json\/wp\/v2\/media?parent=25194"}],"wp:term":[{"taxonomy":"category","embeddable":true,"href":"https:\/\/bisbalpenedes.com\/web\/wp-json\/wp\/v2\/categories?post=25194"},{"taxonomy":"post_tag","embeddable":true,"href":"https:\/\/bisbalpenedes.com\/web\/wp-json\/wp\/v2\/tags?post=25194"}],"curies":[{"name":"wp","href":"https:\/\/api.w.org\/{rel}","templated":true}]}}