{"id":25191,"date":"2023-03-08T06:00:00","date_gmt":"2023-03-08T04:00:00","guid":{"rendered":"https:\/\/bisbalpenedes.com\/web\/?p=25191"},"modified":"2023-03-07T13:42:21","modified_gmt":"2023-03-07T11:42:21","slug":"els-serveis-socials-del-consell-comarcal-del-baix-penedes-donen-compte-a-lajuntament-de-la-bisbal-del-penedes-de-totes-les-gestions-realitzades-durant-el-2022","status":"publish","type":"post","link":"https:\/\/bisbalpenedes.com\/web\/2023\/03\/08\/els-serveis-socials-del-consell-comarcal-del-baix-penedes-donen-compte-a-lajuntament-de-la-bisbal-del-penedes-de-totes-les-gestions-realitzades-durant-el-2022\/","title":{"rendered":"Els Serveis Socials del Consell Comarcal del Baix Pened\u00e8s donen compte a l\u2019Ajuntament de La Bisbal del Pened\u00e8s de totes les gestions realitzades durant el 2022"},"content":{"rendered":"\n<p>El passat dimecres 1 de mar\u00e7 es va reunir la mesa social de l\u2019Ajuntament de la Bisbal del Pened\u00e8s amb l\u2019objectiu d\u2019abordar els assumptes que es tracten, mensualment, en les convocat\u00f2ries ordin\u00e0ries. A m\u00e9s, en aquesta reuni\u00f3 el Consell Comarcal va presentar el resum de les actuacions realitzades, l\u2019any 2022, en el marc del conveni que l\u2019ajuntament bisbalenc t\u00e9 amb l\u2019\u00e0rea de Serveis Socials d\u2019aquest organisme. Aquest conveni inclou els serveis dels professionals i serveis socials b\u00e0sics, el Servei d\u2019Atenci\u00f3 a la Dona, el Servei d\u2019acolliment residencial d\u2019urg\u00e8ncia, el transport adaptat, els Serveis d\u2019Intervenci\u00f3 Socioeducativa, els educadors socials per a adolescents, els serveis d\u2019immigraci\u00f3, el Servei Integral d\u2019Atenci\u00f3 a la Dona, el Centre obert (durant el curs escolar) i el servei contra la viol\u00e8ncia masclista. Tenint en compte totes les actuacions, durant el 2022 s\u2019han at\u00e8s m\u00e9s de 400 ve\u00efns de la Bisbal des de l\u2019\u00e0rea de serveis socials i s\u2019han gestionat 260 expedients.<\/p>\n\n\n\n<p>La Mesa social es convoca una vegada al mes de manera ordin\u00e0ria i est\u00e0 formada per l\u2019alcaldessa de la Bisbal del Pened\u00e8s, Agn\u00e8s Ferr\u00e9; la regidora de Benestar Social, Paqui Cepas; la t\u00e8cnica d\u2019Ocupaci\u00f3 del SOM Bisbal, Arantzazu Longares; la treballadora social del Consell Comarcal del Baix Pened\u00e8s, Irene Boada; i l\u2019educadora social del Consell Comarcal, Isabel Vilanova. A m\u00e9s, a la mesa celebrada el passat dimecres tamb\u00e9 s\u2019hi van incorporar la directora t\u00e8cnica del Servei B\u00e0sic d\u2019Atenci\u00f3 Social del Consell Comarcal, Maribel Zabal; la t\u00e8cnica comunicativa i treballadora social del Consell Comarcal, Joana Naranjo; i la responsable del SAD del Consell Comarcal, N\u00faria P\u00e0mies.<\/p>\n\n\n\n<p>Recordem a la ciutadania que les persones interessades a contactar amb Serveis Socials han de personar-se a l\u2019Ajuntament de la Bisbal del Pened\u00e8s o telefonar (977 688 438) per demanar hora.<\/p>\n\n\n\n<hr class=\"wp-block-separator has-alpha-channel-opacity\"\/>\n\n\n\n<p>El pasado mi\u00e9rcoles 1 de marzo se reuni\u00f3 la mesa social del Ayuntamiento de la Bisbal del Pened\u00e8s con el objetivo de abordar los asuntos que se tratan, mensualmente, en las convocatorias ordinarias. Adem\u00e1s, en esta reuni\u00f3n el Consell Comarcal present\u00f3 el resumen de las actuaciones realizadas, en el a\u00f1o 2022, en el marco del convenio que el ayuntamiento de la Bisbal tiene con el \u00e1rea de Servicios Sociales de este organismo. Este convenio incluye los servicios de los profesionales y servicios sociales b\u00e1sicos, el Servicio de Atenci\u00f3n a la Mujer, el Servicio de acogimiento residencial de urgencia, el transporte adaptado, los Servicios de Intervenci\u00f3n Socioeducativa, los educadores sociales para adolescentes, los servicios de inmigraci\u00f3n, el Servicio Integral de Atenci\u00f3n a la Mujer, el Centro Abierto (durante el curso escolar) y el servicio contra la violencia machista. Teniendo en cuenta todas las actuaciones, durante el 2022 se ha atendido a m\u00e1s de 400 vecinos de la Bisbal desde el \u00e1rea de servicios sociales y se han gestionado 260 expedientes.<\/p>\n\n\n\n<p>La Mesa social se convoca una vez al mes de manera ordinaria y est\u00e1 formada por la alcaldesa de la Bisbal del Pened\u00e8s, Agn\u00e8s Ferr\u00e9; la concejala de Bienestar Social, Paqui Cepas; la t\u00e9cnica de Ocupaci\u00f3n del SOM Bisbal, Arantzazu Longares; la trabajadora social del Consell Comarcal del Baix Pened\u00e8s, Irene Boada; y la educadora social del consell Comarcal, Isabel Vilanova. Adem\u00e1s, en la mesa celebrada el pasado mi\u00e9rcoles tambi\u00e9n se incorporaron la directora t\u00e9cnica del Servicio B\u00e1sico de Atenci\u00f3n Social del Consell Comarcal, Maribel Zabal; la t\u00e9cnica comunicativa y trabajadora social del Consell Comarcal, Joana Naranjo; y la responsable del SAD del Consell Comarcal, N\u00faria P\u00e0mies.<\/p>\n\n\n\n<p>Recordamos a la ciudadan\u00eda que las personas interesadas en contactar con Servicios Sociales tienen que personarse en el Ayuntamiento de la Bisbal del Pened\u00e8s o telefonear (977 688 438) para pedir hora.<\/p>\n","protected":false},"excerpt":{"rendered":"<p>El passat dimecres 1 de mar\u00e7 es va reunir la mesa social de l\u2019Ajuntament de la Bisbal del Pened\u00e8s amb l\u2019objectiu d\u2019abordar els assumptes que es tracten, mensualment, en les &hellip; <a href=\"https:\/\/bisbalpenedes.com\/web\/2023\/03\/08\/els-serveis-socials-del-consell-comarcal-del-baix-penedes-donen-compte-a-lajuntament-de-la-bisbal-del-penedes-de-totes-les-gestions-realitzades-durant-el-2022\/\" class=\"more-link\">Read More<\/a><\/p>\n","protected":false},"author":4,"featured_media":25192,"comment_status":"closed","ping_status":"closed","sticky":false,"template":"","format":"standard","meta":[],"categories":[3851,8,17],"tags":[216,459,1056,3205,393,1374],"_links":{"self":[{"href":"https:\/\/bisbalpenedes.com\/web\/wp-json\/wp\/v2\/posts\/25191"}],"collection":[{"href":"https:\/\/bisbalpenedes.com\/web\/wp-json\/wp\/v2\/posts"}],"about":[{"href":"https:\/\/bisbalpenedes.com\/web\/wp-json\/wp\/v2\/types\/post"}],"author":[{"embeddable":true,"href":"https:\/\/bisbalpenedes.com\/web\/wp-json\/wp\/v2\/users\/4"}],"replies":[{"embeddable":true,"href":"https:\/\/bisbalpenedes.com\/web\/wp-json\/wp\/v2\/comments?post=25191"}],"version-history":[{"count":1,"href":"https:\/\/bisbalpenedes.com\/web\/wp-json\/wp\/v2\/posts\/25191\/revisions"}],"predecessor-version":[{"id":25193,"href":"https:\/\/bisbalpenedes.com\/web\/wp-json\/wp\/v2\/posts\/25191\/revisions\/25193"}],"wp:featuredmedia":[{"embeddable":true,"href":"https:\/\/bisbalpenedes.com\/web\/wp-json\/wp\/v2\/media\/25192"}],"wp:attachment":[{"href":"https:\/\/bisbalpenedes.com\/web\/wp-json\/wp\/v2\/media?parent=25191"}],"wp:term":[{"taxonomy":"category","embeddable":true,"href":"https:\/\/bisbalpenedes.com\/web\/wp-json\/wp\/v2\/categories?post=25191"},{"taxonomy":"post_tag","embeddable":true,"href":"https:\/\/bisbalpenedes.com\/web\/wp-json\/wp\/v2\/tags?post=25191"}],"curies":[{"name":"wp","href":"https:\/\/api.w.org\/{rel}","templated":true}]}}