{"id":25180,"date":"2023-03-07T11:59:06","date_gmt":"2023-03-07T09:59:06","guid":{"rendered":"https:\/\/bisbalpenedes.com\/web\/?p=25180"},"modified":"2023-03-07T11:59:06","modified_gmt":"2023-03-07T09:59:06","slug":"la-facana-de-la-casa-de-la-vila-silluminara-de-color-lila-aquest-dimecres-amb-motiu-del-8-de-marc","status":"publish","type":"post","link":"https:\/\/bisbalpenedes.com\/web\/2023\/03\/07\/la-facana-de-la-casa-de-la-vila-silluminara-de-color-lila-aquest-dimecres-amb-motiu-del-8-de-marc\/","title":{"rendered":"La fa\u00e7ana de la Casa de la Vila s&#8217;il\u00b7luminar\u00e0 de color lila aquest dimecres amb motiu del 8 de mar\u00e7"},"content":{"rendered":"\n<p>La fa\u00e7ana de la Casa de la Vila s&#8217;il\u00b7luminar\u00e0 de color lila, aquest dimecres al vespre, amb motiu del Dia internacional de les Dones.<\/p>\n\n\n\n<hr class=\"wp-block-separator has-alpha-channel-opacity\"\/>\n\n\n\n<p>La fachada de la Casa de la Vila se iluminar\u00e1 de color lila, este mi\u00e9rcoles al anochecer, con motivo del D\u00eda Internacional de las Mujeres.<\/p>\n","protected":false},"excerpt":{"rendered":"<p>La fa\u00e7ana de la Casa de la Vila s&#8217;il\u00b7luminar\u00e0 de color lila, aquest dimecres al vespre, amb motiu del Dia internacional de les Dones. La fachada de la Casa de &hellip; <a href=\"https:\/\/bisbalpenedes.com\/web\/2023\/03\/07\/la-facana-de-la-casa-de-la-vila-silluminara-de-color-lila-aquest-dimecres-amb-motiu-del-8-de-marc\/\" class=\"more-link\">Read More<\/a><\/p>\n","protected":false},"author":4,"featured_media":25181,"comment_status":"closed","ping_status":"closed","sticky":false,"template":"","format":"standard","meta":[],"categories":[2402,8],"tags":[3542,4387,231,3543,232,393],"_links":{"self":[{"href":"https:\/\/bisbalpenedes.com\/web\/wp-json\/wp\/v2\/posts\/25180"}],"collection":[{"href":"https:\/\/bisbalpenedes.com\/web\/wp-json\/wp\/v2\/posts"}],"about":[{"href":"https:\/\/bisbalpenedes.com\/web\/wp-json\/wp\/v2\/types\/post"}],"author":[{"embeddable":true,"href":"https:\/\/bisbalpenedes.com\/web\/wp-json\/wp\/v2\/users\/4"}],"replies":[{"embeddable":true,"href":"https:\/\/bisbalpenedes.com\/web\/wp-json\/wp\/v2\/comments?post=25180"}],"version-history":[{"count":1,"href":"https:\/\/bisbalpenedes.com\/web\/wp-json\/wp\/v2\/posts\/25180\/revisions"}],"predecessor-version":[{"id":25182,"href":"https:\/\/bisbalpenedes.com\/web\/wp-json\/wp\/v2\/posts\/25180\/revisions\/25182"}],"wp:featuredmedia":[{"embeddable":true,"href":"https:\/\/bisbalpenedes.com\/web\/wp-json\/wp\/v2\/media\/25181"}],"wp:attachment":[{"href":"https:\/\/bisbalpenedes.com\/web\/wp-json\/wp\/v2\/media?parent=25180"}],"wp:term":[{"taxonomy":"category","embeddable":true,"href":"https:\/\/bisbalpenedes.com\/web\/wp-json\/wp\/v2\/categories?post=25180"},{"taxonomy":"post_tag","embeddable":true,"href":"https:\/\/bisbalpenedes.com\/web\/wp-json\/wp\/v2\/tags?post=25180"}],"curies":[{"name":"wp","href":"https:\/\/api.w.org\/{rel}","templated":true}]}}