{"id":25175,"date":"2023-03-07T11:45:28","date_gmt":"2023-03-07T09:45:28","guid":{"rendered":"https:\/\/bisbalpenedes.com\/web\/?p=25175"},"modified":"2023-03-07T11:46:26","modified_gmt":"2023-03-07T09:46:26","slug":"aquest-dilluns-ha-tingut-lloc-la-reunio-de-politics-i-tecnics-de-joventut-del-baix-pendes","status":"publish","type":"post","link":"https:\/\/bisbalpenedes.com\/web\/2023\/03\/07\/aquest-dilluns-ha-tingut-lloc-la-reunio-de-politics-i-tecnics-de-joventut-del-baix-pendes\/","title":{"rendered":"Aquest dilluns ha tingut lloc la reuni\u00f3 de pol\u00edtics i t\u00e8cnics de joventut del Baix Pened\u00e8s"},"content":{"rendered":"\n<p>Ahir a la tarda, el nou casal jove del Port de Segur de Calafell, al Centre C\u00edvic Montse Civit, va acollir la reuni\u00f3 de pol\u00edtics i t\u00e8cnics de joventut de la comarca, a la qual van assistir el regidor de Joventut, F\u00e8lix Villaz\u00e1n; i la t\u00e8cnica de Joventut de l&#8217;Ajuntament de la Bisbal del Pened\u00e8s, Arantzazu Longares.<\/p>\n\n\n\n<p>La trobada va servir per abordar la mem\u00f2ria d&#8217;activitats del Pla Comarcal de Joventut 2022; el Pla Comarcal de Joventut del Baix Pened\u00e8s 2023; el projecte SIS Adolescents (Serveis Socials) d&#8217;educadors de carrers i dinamitzadors juvenils; els plans locals de joventut; el programa referent d&#8217;ocupaci\u00f3 juvenil a l&#8217;Oficina Jove; i el projecte Jove Baix Pened\u00e8s.<\/p>\n\n\n\n<p>Les reunions entre responsables pol\u00edtics i t\u00e8cnics de joventut del Baix Pened\u00e8s es duen a terme de forma peri\u00f2dica amb l&#8217;objectiu de treballar en xarxa i de posar en com\u00fa idees i projectes per\u00f2 tamb\u00e9 possibles mancances o problem\u00e0tiques a la comarca, amb l&#8217;objectiu de trobar solucions i possibles l\u00ednies d&#8217;actuaci\u00f3 per millorar les pol\u00edtiques de joventut baixpenedesenques.<\/p>\n\n\n\n<figure class=\"wp-block-image size-large\"><img loading=\"lazy\" width=\"1024\" height=\"768\" src=\"https:\/\/bisbalpenedes.com\/web\/wp-content\/uploads\/2023\/03\/WhatsApp-Image-2023-03-07-at-10.10.55-1024x768.jpeg\" alt=\"\" class=\"wp-image-25177\" srcset=\"https:\/\/bisbalpenedes.com\/web\/wp-content\/uploads\/2023\/03\/WhatsApp-Image-2023-03-07-at-10.10.55-1024x768.jpeg 1024w, https:\/\/bisbalpenedes.com\/web\/wp-content\/uploads\/2023\/03\/WhatsApp-Image-2023-03-07-at-10.10.55-300x225.jpeg 300w, https:\/\/bisbalpenedes.com\/web\/wp-content\/uploads\/2023\/03\/WhatsApp-Image-2023-03-07-at-10.10.55-768x576.jpeg 768w, https:\/\/bisbalpenedes.com\/web\/wp-content\/uploads\/2023\/03\/WhatsApp-Image-2023-03-07-at-10.10.55-1536x1152.jpeg 1536w, https:\/\/bisbalpenedes.com\/web\/wp-content\/uploads\/2023\/03\/WhatsApp-Image-2023-03-07-at-10.10.55-600x450.jpeg 600w, https:\/\/bisbalpenedes.com\/web\/wp-content\/uploads\/2023\/03\/WhatsApp-Image-2023-03-07-at-10.10.55.jpeg 1600w\" sizes=\"(max-width: 1024px) 100vw, 1024px\" \/><\/figure>\n\n\n\n<hr class=\"wp-block-separator has-alpha-channel-opacity\"\/>\n\n\n\n<p><strong>CASTELLANO |<\/strong>&nbsp;Ayer por la tarde, el nuevo casal joven del Puerto de Segur de Calafell, en el Centre C\u00edvic Montse Civit, acogi\u00f3 la reuni\u00f3n de pol\u00edticos y t\u00e9cnicos de juventud de la comarca, a la cual asistieron el concejal de Juventud, F\u00e8lix Villaz\u00e1n; y la t\u00e9cnica de Juventud del Ayuntamiento de la Bisbal del Pened\u00e8s, Arantzazu Longares.<\/p>\n\n\n\n<p>El encuentro sirvi\u00f3 para abordar la memoria de actividades del Plan Comarcal de Juventud 2022, el Plan Comarcal de Juventud del Baix Pened\u00e8s 2023, el proyecto SIS Adolescents (Servicios Sociales) de educadores de calle y dinamizadores juveniles; los planes locales de juventud; el programa referente de ocupaci\u00f3n juvenil de la Oficina Jove; y el proyecto de Jove Baix Pened\u00e8s.<\/p>\n\n\n\n<p>Las reuniones entre responsables pol\u00edticos y t\u00e9cnicos de juventud del Baix Pened\u00e8s se llevan a cabo de forma peri\u00f3dica con el objetivo de trabajar en red y poner en com\u00fan ideas y proyectos, pero tambi\u00e9n posibles carencias o problem\u00e1ticas en la comarca, con el objetivo de encontrar soluciones y posibles l\u00edneas de actuaci\u00f3n para mejorar las pol\u00edticas de juventud del Baix Pened\u00e8s.<\/p>\n\n\n\n<p><\/p>\n","protected":false},"excerpt":{"rendered":"<p>Ahir a la tarda, el nou casal jove del Port de Segur de Calafell, al Centre C\u00edvic Montse Civit, va acollir la reuni\u00f3 de pol\u00edtics i t\u00e8cnics de joventut de &hellip; <a href=\"https:\/\/bisbalpenedes.com\/web\/2023\/03\/07\/aquest-dilluns-ha-tingut-lloc-la-reunio-de-politics-i-tecnics-de-joventut-del-baix-pendes\/\" class=\"more-link\">Read More<\/a><\/p>\n","protected":false},"author":4,"featured_media":25176,"comment_status":"closed","ping_status":"closed","sticky":false,"template":"","format":"standard","meta":[],"categories":[8],"tags":[459,1056,1057,210,393,5878,1374],"_links":{"self":[{"href":"https:\/\/bisbalpenedes.com\/web\/wp-json\/wp\/v2\/posts\/25175"}],"collection":[{"href":"https:\/\/bisbalpenedes.com\/web\/wp-json\/wp\/v2\/posts"}],"about":[{"href":"https:\/\/bisbalpenedes.com\/web\/wp-json\/wp\/v2\/types\/post"}],"author":[{"embeddable":true,"href":"https:\/\/bisbalpenedes.com\/web\/wp-json\/wp\/v2\/users\/4"}],"replies":[{"embeddable":true,"href":"https:\/\/bisbalpenedes.com\/web\/wp-json\/wp\/v2\/comments?post=25175"}],"version-history":[{"count":2,"href":"https:\/\/bisbalpenedes.com\/web\/wp-json\/wp\/v2\/posts\/25175\/revisions"}],"predecessor-version":[{"id":25179,"href":"https:\/\/bisbalpenedes.com\/web\/wp-json\/wp\/v2\/posts\/25175\/revisions\/25179"}],"wp:featuredmedia":[{"embeddable":true,"href":"https:\/\/bisbalpenedes.com\/web\/wp-json\/wp\/v2\/media\/25176"}],"wp:attachment":[{"href":"https:\/\/bisbalpenedes.com\/web\/wp-json\/wp\/v2\/media?parent=25175"}],"wp:term":[{"taxonomy":"category","embeddable":true,"href":"https:\/\/bisbalpenedes.com\/web\/wp-json\/wp\/v2\/categories?post=25175"},{"taxonomy":"post_tag","embeddable":true,"href":"https:\/\/bisbalpenedes.com\/web\/wp-json\/wp\/v2\/tags?post=25175"}],"curies":[{"name":"wp","href":"https:\/\/api.w.org\/{rel}","templated":true}]}}