{"id":25170,"date":"2023-03-07T11:18:02","date_gmt":"2023-03-07T09:18:02","guid":{"rendered":"https:\/\/bisbalpenedes.com\/web\/?p=25170"},"modified":"2023-03-07T11:18:02","modified_gmt":"2023-03-07T09:18:02","slug":"tarda-de-cinema-per-a-families-a-la-societat-el-diumenge-12-de-marc-torna-el-cinexic-amb-el-cargol-i-la-balena","status":"publish","type":"post","link":"https:\/\/bisbalpenedes.com\/web\/2023\/03\/07\/tarda-de-cinema-per-a-families-a-la-societat-el-diumenge-12-de-marc-torna-el-cinexic-amb-el-cargol-i-la-balena\/","title":{"rendered":"Tarda de cinema per a fam\u00edlies a la Societat &#8211; El diumenge 12 de mar\u00e7 torna el &#8216;Cinexic&#8217; amb &#8216;El Cargol i la Balena&#8217;"},"content":{"rendered":"\n<p>Aquest diumenge 12 de mar\u00e7, a les 18h, podreu gaudir d&#8217;una nova edici\u00f3 del Cinexic a la Societat, amb la pel\u00b7l\u00edcula &#8216;El Cargol i la Balena&#8217;.<\/p>\n\n\n\n<hr class=\"wp-block-separator has-alpha-channel-opacity\"\/>\n\n\n\n<p>Este domingo 12 de marzo, a las 18h, podr\u00e9is disfrutar de una nueva edici\u00f3n de Cinexic en la Societat, con la pel\u00edcula &#8216;El Cargol i la Balena&#8217;.<\/p>\n","protected":false},"excerpt":{"rendered":"<p>Aquest diumenge 12 de mar\u00e7, a les 18h, podreu gaudir d&#8217;una nova edici\u00f3 del Cinexic a la Societat, amb la pel\u00b7l\u00edcula &#8216;El Cargol i la Balena&#8217;. Este domingo 12 de &hellip; <a href=\"https:\/\/bisbalpenedes.com\/web\/2023\/03\/07\/tarda-de-cinema-per-a-families-a-la-societat-el-diumenge-12-de-marc-torna-el-cinexic-amb-el-cargol-i-la-balena\/\" class=\"more-link\">Read More<\/a><\/p>\n","protected":false},"author":4,"featured_media":25171,"comment_status":"closed","ping_status":"closed","sticky":false,"template":"","format":"standard","meta":[],"categories":[2942,13,8],"tags":[459,813,307,5527,5877,393,300,1374,5067],"_links":{"self":[{"href":"https:\/\/bisbalpenedes.com\/web\/wp-json\/wp\/v2\/posts\/25170"}],"collection":[{"href":"https:\/\/bisbalpenedes.com\/web\/wp-json\/wp\/v2\/posts"}],"about":[{"href":"https:\/\/bisbalpenedes.com\/web\/wp-json\/wp\/v2\/types\/post"}],"author":[{"embeddable":true,"href":"https:\/\/bisbalpenedes.com\/web\/wp-json\/wp\/v2\/users\/4"}],"replies":[{"embeddable":true,"href":"https:\/\/bisbalpenedes.com\/web\/wp-json\/wp\/v2\/comments?post=25170"}],"version-history":[{"count":1,"href":"https:\/\/bisbalpenedes.com\/web\/wp-json\/wp\/v2\/posts\/25170\/revisions"}],"predecessor-version":[{"id":25172,"href":"https:\/\/bisbalpenedes.com\/web\/wp-json\/wp\/v2\/posts\/25170\/revisions\/25172"}],"wp:featuredmedia":[{"embeddable":true,"href":"https:\/\/bisbalpenedes.com\/web\/wp-json\/wp\/v2\/media\/25171"}],"wp:attachment":[{"href":"https:\/\/bisbalpenedes.com\/web\/wp-json\/wp\/v2\/media?parent=25170"}],"wp:term":[{"taxonomy":"category","embeddable":true,"href":"https:\/\/bisbalpenedes.com\/web\/wp-json\/wp\/v2\/categories?post=25170"},{"taxonomy":"post_tag","embeddable":true,"href":"https:\/\/bisbalpenedes.com\/web\/wp-json\/wp\/v2\/tags?post=25170"}],"curies":[{"name":"wp","href":"https:\/\/api.w.org\/{rel}","templated":true}]}}