{"id":25164,"date":"2023-03-07T10:33:03","date_gmt":"2023-03-07T08:33:03","guid":{"rendered":"https:\/\/bisbalpenedes.com\/web\/?p=25164"},"modified":"2023-03-07T10:33:03","modified_gmt":"2023-03-07T08:33:03","slug":"preinscripcions-per-a-lescola-ull-de-vent-curs-2023-2024","status":"publish","type":"post","link":"https:\/\/bisbalpenedes.com\/web\/2023\/03\/07\/preinscripcions-per-a-lescola-ull-de-vent-curs-2023-2024\/","title":{"rendered":"Preinscripcions per a l&#8217;Escola Ull de Vent &#8211; Curs 2023-2024"},"content":{"rendered":"\n<p>Fins al 20 de mar\u00e7 podeu fer la preinscripci\u00f3 per al curs 2023-2024 a l&#8217;escola Ull de Vent. Els alumnes de P3 a cinqu\u00e8 que segueixen a l&#8217;escola no cal que facin la preinscripci\u00f3.<\/p>\n\n\n\n<p>Han de fer la preinscripci\u00f3:<\/p>\n\n\n\n<p>-Els alumnes nascuts el 2020 i que comen\u00e7aran P3<\/p>\n\n\n\n<p>-Els alumnes de sis\u00e8 per matricular-se a l&#8217;Institut <\/p>\n\n\n\n<p>-Alumnes que canvien d&#8217;escola<\/p>\n\n\n\n<p>Trobareu m\u00e9s informaci\u00f3 a l&#8217;enlla\u00e7: <a href=\"https:\/\/agora.xtec.cat\/ceipulldevent\/preinscripcio\/\" target=\"_blank\" rel=\"noreferrer noopener\">https:\/\/agora.xtec.cat\/ceipulldevent\/preinscripcio\/<\/a><\/p>\n\n\n\n<hr class=\"wp-block-separator has-alpha-channel-opacity\"\/>\n\n\n\n<p><strong>CASTELLANO |<\/strong>\u00a0Hasta el 20 de marzo pod\u00e9is hacer la preinscripci\u00f3n para el curso 2023-2024 en la escuela Ull de Vent. Los alumnos de P3 a quinto que sigan en la escuela no es necesario que hagan la preinscripci\u00f3n.<\/p>\n\n\n\n<p>Tienen que hacer la preinscripci\u00f3n:<\/p>\n\n\n\n<p>-Los alumnos nacidos en el 2020 i que empezar\u00e1n P3<\/p>\n\n\n\n<p>-Los alumnos de sexto para matricularse en el instituto <\/p>\n\n\n\n<p>-Alumnos que cambian de colegio<\/p>\n\n\n\n<p>Encontrar\u00e9is m\u00e1s informaci\u00f3n en el enlace: <a href=\"https:\/\/agora.xtec.cat\/ceipulldevent\/preinscripcio\/\" target=\"_blank\" rel=\"noreferrer noopener\">https:\/\/agora.xtec.cat\/ceipulldevent\/preinscripcio\/<\/a><\/p>\n\n\n\n<p><\/p>\n\n\n\n<p><\/p>\n","protected":false},"excerpt":{"rendered":"<p>Fins al 20 de mar\u00e7 podeu fer la preinscripci\u00f3 per al curs 2023-2024 a l&#8217;escola Ull de Vent. Els alumnes de P3 a cinqu\u00e8 que segueixen a l&#8217;escola no cal &hellip; <a href=\"https:\/\/bisbalpenedes.com\/web\/2023\/03\/07\/preinscripcions-per-a-lescola-ull-de-vent-curs-2023-2024\/\" class=\"more-link\">Read More<\/a><\/p>\n","protected":false},"author":4,"featured_media":25165,"comment_status":"closed","ping_status":"closed","sticky":false,"template":"","format":"standard","meta":[],"categories":[3456,8],"tags":[459,862,337,393,1413],"_links":{"self":[{"href":"https:\/\/bisbalpenedes.com\/web\/wp-json\/wp\/v2\/posts\/25164"}],"collection":[{"href":"https:\/\/bisbalpenedes.com\/web\/wp-json\/wp\/v2\/posts"}],"about":[{"href":"https:\/\/bisbalpenedes.com\/web\/wp-json\/wp\/v2\/types\/post"}],"author":[{"embeddable":true,"href":"https:\/\/bisbalpenedes.com\/web\/wp-json\/wp\/v2\/users\/4"}],"replies":[{"embeddable":true,"href":"https:\/\/bisbalpenedes.com\/web\/wp-json\/wp\/v2\/comments?post=25164"}],"version-history":[{"count":1,"href":"https:\/\/bisbalpenedes.com\/web\/wp-json\/wp\/v2\/posts\/25164\/revisions"}],"predecessor-version":[{"id":25166,"href":"https:\/\/bisbalpenedes.com\/web\/wp-json\/wp\/v2\/posts\/25164\/revisions\/25166"}],"wp:featuredmedia":[{"embeddable":true,"href":"https:\/\/bisbalpenedes.com\/web\/wp-json\/wp\/v2\/media\/25165"}],"wp:attachment":[{"href":"https:\/\/bisbalpenedes.com\/web\/wp-json\/wp\/v2\/media?parent=25164"}],"wp:term":[{"taxonomy":"category","embeddable":true,"href":"https:\/\/bisbalpenedes.com\/web\/wp-json\/wp\/v2\/categories?post=25164"},{"taxonomy":"post_tag","embeddable":true,"href":"https:\/\/bisbalpenedes.com\/web\/wp-json\/wp\/v2\/tags?post=25164"}],"curies":[{"name":"wp","href":"https:\/\/api.w.org\/{rel}","templated":true}]}}