{"id":25107,"date":"2023-03-01T21:19:33","date_gmt":"2023-03-01T19:19:33","guid":{"rendered":"https:\/\/bisbalpenedes.com\/web\/?p=25107"},"modified":"2023-03-01T21:19:33","modified_gmt":"2023-03-01T19:19:33","slug":"la-colla-castellera-de-la-bisbal-del-penedes-bous-comenca-la-temporada-divendres-assaig-i-diumenge-actuacio","status":"publish","type":"post","link":"https:\/\/bisbalpenedes.com\/web\/2023\/03\/01\/la-colla-castellera-de-la-bisbal-del-penedes-bous-comenca-la-temporada-divendres-assaig-i-diumenge-actuacio\/","title":{"rendered":"La Colla Castellera de la Bisbal del Pened\u00e8s &#8211; Bous comen\u00e7a la temporada: divendres assaig i diumenge actuaci\u00f3"},"content":{"rendered":"\n<p>La Colla Castellera La Bisbal del Pened\u00e8s &#8211; Bous comen\u00e7a la temporada.<\/p>\n\n\n\n<p>Divendres 3 de mar\u00e7: assaig al gimn\u00e0s de l&#8217;Escola Ull de Vent.<\/p>\n\n\n\n<p><img loading=\"lazy\" height=\"16\" width=\"16\" alt=\"\u25aa\ufe0f\" src=\"https:\/\/static.xx.fbcdn.net\/images\/emoji.php\/v9\/tcd\/2\/16\/25aa.png\">19h canalla<\/p>\n\n\n\n<p><img loading=\"lazy\" height=\"16\" width=\"16\" alt=\"\u25aa\ufe0f\" src=\"https:\/\/static.xx.fbcdn.net\/images\/emoji.php\/v9\/tcd\/2\/16\/25aa.png\">20:30h general<\/p>\n\n\n\n<p>Diumenge 5 de mar\u00e7: Actuaci\u00f3 a la festa del Soci de la Cooperativa de Sant Jaume dels Domenys.<\/p>\n\n\n\n<hr class=\"wp-block-separator has-alpha-channel-opacity\"\/>\n\n\n\n<p>La Colla Castellera La Bisbal del Pened\u00e8s &#8211; Bous inicia la temporada.<\/p>\n\n\n\n<p>Viernes 3 de marzo: ensayo en el gimnasio de la escuela Ull de Vent.<\/p>\n\n\n\n<p><img loading=\"lazy\" height=\"16\" width=\"16\" alt=\"\u25aa\ufe0f\" src=\"https:\/\/static.xx.fbcdn.net\/images\/emoji.php\/v9\/tcd\/2\/16\/25aa.png\">19h ni\u00f1os y ni\u00f1as<\/p>\n\n\n\n<p><img loading=\"lazy\" height=\"16\" width=\"16\" alt=\"\u25aa\ufe0f\" src=\"https:\/\/static.xx.fbcdn.net\/images\/emoji.php\/v9\/tcd\/2\/16\/25aa.png\">20:30h general<\/p>\n\n\n\n<p>Domingo 5 de marzo: actuaci\u00f3n en la fiesta del socio de la cooperativa de Sant Jaume dels Domenys.<\/p>\n","protected":false},"excerpt":{"rendered":"<p>La Colla Castellera La Bisbal del Pened\u00e8s &#8211; Bous comen\u00e7a la temporada. Divendres 3 de mar\u00e7: assaig al gimn\u00e0s de l&#8217;Escola Ull de Vent. 19h canalla 20:30h general Diumenge 5 &hellip; <a href=\"https:\/\/bisbalpenedes.com\/web\/2023\/03\/01\/la-colla-castellera-de-la-bisbal-del-penedes-bous-comenca-la-temporada-divendres-assaig-i-diumenge-actuacio\/\" class=\"more-link\">Read More<\/a><\/p>\n","protected":false},"author":4,"featured_media":25108,"comment_status":"closed","ping_status":"closed","sticky":false,"template":"","format":"standard","meta":[],"categories":[2942,20,8],"tags":[639,1219,459,378,4302,5856,393],"_links":{"self":[{"href":"https:\/\/bisbalpenedes.com\/web\/wp-json\/wp\/v2\/posts\/25107"}],"collection":[{"href":"https:\/\/bisbalpenedes.com\/web\/wp-json\/wp\/v2\/posts"}],"about":[{"href":"https:\/\/bisbalpenedes.com\/web\/wp-json\/wp\/v2\/types\/post"}],"author":[{"embeddable":true,"href":"https:\/\/bisbalpenedes.com\/web\/wp-json\/wp\/v2\/users\/4"}],"replies":[{"embeddable":true,"href":"https:\/\/bisbalpenedes.com\/web\/wp-json\/wp\/v2\/comments?post=25107"}],"version-history":[{"count":1,"href":"https:\/\/bisbalpenedes.com\/web\/wp-json\/wp\/v2\/posts\/25107\/revisions"}],"predecessor-version":[{"id":25109,"href":"https:\/\/bisbalpenedes.com\/web\/wp-json\/wp\/v2\/posts\/25107\/revisions\/25109"}],"wp:featuredmedia":[{"embeddable":true,"href":"https:\/\/bisbalpenedes.com\/web\/wp-json\/wp\/v2\/media\/25108"}],"wp:attachment":[{"href":"https:\/\/bisbalpenedes.com\/web\/wp-json\/wp\/v2\/media?parent=25107"}],"wp:term":[{"taxonomy":"category","embeddable":true,"href":"https:\/\/bisbalpenedes.com\/web\/wp-json\/wp\/v2\/categories?post=25107"},{"taxonomy":"post_tag","embeddable":true,"href":"https:\/\/bisbalpenedes.com\/web\/wp-json\/wp\/v2\/tags?post=25107"}],"curies":[{"name":"wp","href":"https:\/\/api.w.org\/{rel}","templated":true}]}}