{"id":25096,"date":"2023-02-26T08:59:08","date_gmt":"2023-02-26T06:59:08","guid":{"rendered":"https:\/\/bisbalpenedes.com\/web\/?p=25096"},"modified":"2023-02-26T08:59:08","modified_gmt":"2023-02-26T06:59:08","slug":"avis-per-possibles-nevades-a-cotes-baixes-diumenge-26-i-dilluns-27-de-febrer-de-2023","status":"publish","type":"post","link":"https:\/\/bisbalpenedes.com\/web\/2023\/02\/26\/avis-per-possibles-nevades-a-cotes-baixes-diumenge-26-i-dilluns-27-de-febrer-de-2023\/","title":{"rendered":"Av\u00eds per possibles nevades a cotes baixes: diumenge 26 i dilluns 27 de febrer de 2023"},"content":{"rendered":"\n<p>El Servei Meteorol\u00f2gic de Catalunya ha em\u00e8s un av\u00eds per neu en cotes baixes.<br>Segons els avisos publicats:<br><span style=\"text-decoration: underline;\">El diumenge<\/span> &#8220;al final del dia la cota de neu podr\u00e0 baixar a nivell de mar. Per sobre dels 400 metres es podran acumular localment entre 2 i 5 cm de neu en tot l&#8217;episodi al sector central del litoral i del prelitoral&#8221;.<br><span style=\"text-decoration: underline;\">El dilluns<\/span> &#8220;Per sobre dels 400 metres es podran acumular localment entre 2 i 5 cm de neu en tot l&#8217;episodi al sector central del litoral i del prelitoral&#8221;.<br>Extremeu les precaucions.<br>Us adjuntem una infografia amb consells d&#8217;autoprotecci\u00f3 en cas de nevades.<\/p>\n\n\n\n<figure class=\"wp-block-image size-large\"><img loading=\"lazy\" width=\"1024\" height=\"576\" src=\"https:\/\/bisbalpenedes.com\/web\/wp-content\/uploads\/2023\/02\/AVI\u0301S-NEU-DIUMENGE-26-FEBRER-WEB-1024x576.png\" alt=\"\" class=\"wp-image-25097\" srcset=\"https:\/\/bisbalpenedes.com\/web\/wp-content\/uploads\/2023\/02\/AVI\u0301S-NEU-DIUMENGE-26-FEBRER-WEB-1024x576.png 1024w, https:\/\/bisbalpenedes.com\/web\/wp-content\/uploads\/2023\/02\/AVI\u0301S-NEU-DIUMENGE-26-FEBRER-WEB-300x169.png 300w, https:\/\/bisbalpenedes.com\/web\/wp-content\/uploads\/2023\/02\/AVI\u0301S-NEU-DIUMENGE-26-FEBRER-WEB-768x432.png 768w, https:\/\/bisbalpenedes.com\/web\/wp-content\/uploads\/2023\/02\/AVI\u0301S-NEU-DIUMENGE-26-FEBRER-WEB-1536x864.png 1536w, https:\/\/bisbalpenedes.com\/web\/wp-content\/uploads\/2023\/02\/AVI\u0301S-NEU-DIUMENGE-26-FEBRER-WEB-600x338.png 600w, https:\/\/bisbalpenedes.com\/web\/wp-content\/uploads\/2023\/02\/AVI\u0301S-NEU-DIUMENGE-26-FEBRER-WEB.png 1600w\" sizes=\"(max-width: 1024px) 100vw, 1024px\" \/><\/figure>\n\n\n\n<figure class=\"wp-block-image size-large\"><img loading=\"lazy\" width=\"1024\" height=\"576\" src=\"https:\/\/bisbalpenedes.com\/web\/wp-content\/uploads\/2023\/02\/AVI\u0301S-NEU-DILLUNS-27-FEBRER-WEB-1024x576.png\" alt=\"\" class=\"wp-image-25098\" srcset=\"https:\/\/bisbalpenedes.com\/web\/wp-content\/uploads\/2023\/02\/AVI\u0301S-NEU-DILLUNS-27-FEBRER-WEB-1024x576.png 1024w, https:\/\/bisbalpenedes.com\/web\/wp-content\/uploads\/2023\/02\/AVI\u0301S-NEU-DILLUNS-27-FEBRER-WEB-300x169.png 300w, https:\/\/bisbalpenedes.com\/web\/wp-content\/uploads\/2023\/02\/AVI\u0301S-NEU-DILLUNS-27-FEBRER-WEB-768x432.png 768w, https:\/\/bisbalpenedes.com\/web\/wp-content\/uploads\/2023\/02\/AVI\u0301S-NEU-DILLUNS-27-FEBRER-WEB-1536x864.png 1536w, https:\/\/bisbalpenedes.com\/web\/wp-content\/uploads\/2023\/02\/AVI\u0301S-NEU-DILLUNS-27-FEBRER-WEB-600x338.png 600w, https:\/\/bisbalpenedes.com\/web\/wp-content\/uploads\/2023\/02\/AVI\u0301S-NEU-DILLUNS-27-FEBRER-WEB.png 1600w\" sizes=\"(max-width: 1024px) 100vw, 1024px\" \/><\/figure>\n\n\n\n<hr class=\"wp-block-separator has-alpha-channel-opacity\"\/>\n\n\n\n<p>El Servicio Meteorol\u00f3gico de Catalu\u00f1a ha emitido un aviso por nieve en cotas bajas.<br>Seg\u00fan los avisos publicados:<br><span style=\"text-decoration: underline;\">El domingo<\/span> &#8220;al final del d\u00eda la cota de nieve podr\u00e1 bajar a nivel del mar. Por encima de los 400 metros se podr\u00e1n acumular localmente entre 2 y 5 cm de nieve en todo el episodio en el sector central del litoral y del prelitoral&#8221;.<br><span style=\"text-decoration: underline;\">El lunes<\/span> &#8220;por en cima de los 400 metros se podr\u00e1n acumular localmente entre 2 y 5 cm de nieve en todo el episodio en el sector central del litoral y prelitoral&#8221;.<br>Extremad las precauciones.<br>Os adjuntamos una infograf\u00eda con consejos de autoprotecci\u00f3n en caso de nevadas.<\/p>\n\n\n\n<p><\/p>\n","protected":false},"excerpt":{"rendered":"<p>El Servei Meteorol\u00f2gic de Catalunya ha em\u00e8s un av\u00eds per neu en cotes baixes.Segons els avisos publicats:El diumenge &#8220;al final del dia la cota de neu podr\u00e0 baixar a nivell &hellip; <a href=\"https:\/\/bisbalpenedes.com\/web\/2023\/02\/26\/avis-per-possibles-nevades-a-cotes-baixes-diumenge-26-i-dilluns-27-de-febrer-de-2023\/\" class=\"more-link\">Read More<\/a><\/p>\n","protected":false},"author":4,"featured_media":25099,"comment_status":"closed","ping_status":"closed","sticky":false,"template":"","format":"standard","meta":[],"categories":[1628,2543,8],"tags":[5851,459,393,3618,1338,131,4297],"_links":{"self":[{"href":"https:\/\/bisbalpenedes.com\/web\/wp-json\/wp\/v2\/posts\/25096"}],"collection":[{"href":"https:\/\/bisbalpenedes.com\/web\/wp-json\/wp\/v2\/posts"}],"about":[{"href":"https:\/\/bisbalpenedes.com\/web\/wp-json\/wp\/v2\/types\/post"}],"author":[{"embeddable":true,"href":"https:\/\/bisbalpenedes.com\/web\/wp-json\/wp\/v2\/users\/4"}],"replies":[{"embeddable":true,"href":"https:\/\/bisbalpenedes.com\/web\/wp-json\/wp\/v2\/comments?post=25096"}],"version-history":[{"count":1,"href":"https:\/\/bisbalpenedes.com\/web\/wp-json\/wp\/v2\/posts\/25096\/revisions"}],"predecessor-version":[{"id":25100,"href":"https:\/\/bisbalpenedes.com\/web\/wp-json\/wp\/v2\/posts\/25096\/revisions\/25100"}],"wp:featuredmedia":[{"embeddable":true,"href":"https:\/\/bisbalpenedes.com\/web\/wp-json\/wp\/v2\/media\/25099"}],"wp:attachment":[{"href":"https:\/\/bisbalpenedes.com\/web\/wp-json\/wp\/v2\/media?parent=25096"}],"wp:term":[{"taxonomy":"category","embeddable":true,"href":"https:\/\/bisbalpenedes.com\/web\/wp-json\/wp\/v2\/categories?post=25096"},{"taxonomy":"post_tag","embeddable":true,"href":"https:\/\/bisbalpenedes.com\/web\/wp-json\/wp\/v2\/tags?post=25096"}],"curies":[{"name":"wp","href":"https:\/\/api.w.org\/{rel}","templated":true}]}}