{"id":25078,"date":"2023-02-24T08:55:35","date_gmt":"2023-02-24T06:55:35","guid":{"rendered":"https:\/\/bisbalpenedes.com\/web\/?p=25078"},"modified":"2023-03-07T09:39:37","modified_gmt":"2023-03-07T07:39:37","slug":"el-dissabte-4-de-marc-hi-ha-contacontes-a-la-biblioteca-veniu-i-gaudiu-lo-en-familia","status":"publish","type":"post","link":"https:\/\/bisbalpenedes.com\/web\/2023\/02\/24\/el-dissabte-4-de-marc-hi-ha-contacontes-a-la-biblioteca-veniu-i-gaudiu-lo-en-familia\/","title":{"rendered":"El dissabte 4 de mar\u00e7 hi haur\u00e0 contacontes a la Biblioteca. Veniu i gaudiu-lo en fam\u00edlia!"},"content":{"rendered":"\n<p>El primer dissabte de mar\u00e7 (4 de mar\u00e7), a les 17h, gaudirem d&#8217;una nova sessi\u00f3 de contes per a tota la fam\u00edlia, aquesta vegada a c\u00e0rrec d&#8217;en Blai Senabre i els seus &#8220;Contes de Cap\u00e7alera&#8221;. Us hi esperem!<\/p>\n\n\n\n<hr class=\"wp-block-separator has-alpha-channel-opacity\"\/>\n\n\n\n<p>El primer s\u00e1bado de marzo (4 de marzo), a las 17h, disfrutaremos de una nueva sesi\u00f3n de cuentos para toda la familia, esta vez a cargo de Blai Senabre y sus &#8220;Cuentos de Cabecera&#8221;. \u00a1Os esperamos!<\/p>\n","protected":false},"excerpt":{"rendered":"<p>El primer dissabte de mar\u00e7 (4 de mar\u00e7), a les 17h, gaudirem d&#8217;una nova sessi\u00f3 de contes per a tota la fam\u00edlia, aquesta vegada a c\u00e0rrec d&#8217;en Blai Senabre i &hellip; <a href=\"https:\/\/bisbalpenedes.com\/web\/2023\/02\/24\/el-dissabte-4-de-marc-hi-ha-contacontes-a-la-biblioteca-veniu-i-gaudiu-lo-en-familia\/\" class=\"more-link\">Read More<\/a><\/p>\n","protected":false},"author":4,"featured_media":25075,"comment_status":"closed","ping_status":"closed","sticky":false,"template":"","format":"standard","meta":[],"categories":[2942,2478,13,8],"tags":[1766,180,5850,421,302,393],"_links":{"self":[{"href":"https:\/\/bisbalpenedes.com\/web\/wp-json\/wp\/v2\/posts\/25078"}],"collection":[{"href":"https:\/\/bisbalpenedes.com\/web\/wp-json\/wp\/v2\/posts"}],"about":[{"href":"https:\/\/bisbalpenedes.com\/web\/wp-json\/wp\/v2\/types\/post"}],"author":[{"embeddable":true,"href":"https:\/\/bisbalpenedes.com\/web\/wp-json\/wp\/v2\/users\/4"}],"replies":[{"embeddable":true,"href":"https:\/\/bisbalpenedes.com\/web\/wp-json\/wp\/v2\/comments?post=25078"}],"version-history":[{"count":2,"href":"https:\/\/bisbalpenedes.com\/web\/wp-json\/wp\/v2\/posts\/25078\/revisions"}],"predecessor-version":[{"id":25080,"href":"https:\/\/bisbalpenedes.com\/web\/wp-json\/wp\/v2\/posts\/25078\/revisions\/25080"}],"wp:featuredmedia":[{"embeddable":true,"href":"https:\/\/bisbalpenedes.com\/web\/wp-json\/wp\/v2\/media\/25075"}],"wp:attachment":[{"href":"https:\/\/bisbalpenedes.com\/web\/wp-json\/wp\/v2\/media?parent=25078"}],"wp:term":[{"taxonomy":"category","embeddable":true,"href":"https:\/\/bisbalpenedes.com\/web\/wp-json\/wp\/v2\/categories?post=25078"},{"taxonomy":"post_tag","embeddable":true,"href":"https:\/\/bisbalpenedes.com\/web\/wp-json\/wp\/v2\/tags?post=25078"}],"curies":[{"name":"wp","href":"https:\/\/api.w.org\/{rel}","templated":true}]}}