{"id":25066,"date":"2023-02-23T13:06:15","date_gmt":"2023-02-23T11:06:15","guid":{"rendered":"https:\/\/bisbalpenedes.com\/web\/?p=25066"},"modified":"2023-02-23T13:06:15","modified_gmt":"2023-02-23T11:06:15","slug":"es-publica-la-relacio-provisional-dadmesos-i-exclosos-en-el-proces-selectiu-d1-placa-dinformador-a-de-carrer-per-concurs-de-merits","status":"publish","type":"post","link":"https:\/\/bisbalpenedes.com\/web\/2023\/02\/23\/es-publica-la-relacio-provisional-dadmesos-i-exclosos-en-el-proces-selectiu-d1-placa-dinformador-a-de-carrer-per-concurs-de-merits\/","title":{"rendered":"<strong>Es publica la relaci\u00f3 provisional d\u2019admesos i exclosos en el proc\u00e9s selectiu d\u20191 pla\u00e7a d\u2019informador\/a de carrer, per concurs de m\u00e8rits<\/strong>"},"content":{"rendered":"\n<p>L\u2019Ajuntament de la Bisbal del Pened\u00e8s informa que s\u2019han presentat 11 persones al proc\u00e9s selectiu d\u20191 pla\u00e7a d\u2019informador\/a de carrer, en r\u00e8gim de funcionari\/\u00e0ria de carrera, per concurs de m\u00e8rits:<\/p>\n\n\n\n<ul><li>7 candidats han quedat admesos provisionalment<\/li><\/ul>\n\n\n\n<ul><li>4 persones han quedat excloses provisionalment per no presentar la documentaci\u00f3 necess\u00e0ria per avaluar els requisits i m\u00e8rits de les places<\/li><\/ul>\n\n\n\n<p>Podeu consultar aqu\u00ed la relaci\u00f3 provisional d\u2019aspirants admesos i exclosos (que es va signar mitjan\u00e7ant Decret d\u2019alcaldia el 30 de gener passat), ja que avui dijous 23 de febrer ha sortit publicada al BOPT:<\/p>\n\n\n\n<p><a href=\"https:\/\/www.diputaciodetarragona.cat\/ebop\/index.php?op=dwn&amp;tipus=i&amp;data=20230223&amp;anyp=2023&amp;num=01219&amp;v=i\">https:\/\/www.diputaciodetarragona.cat\/ebop\/index.php?op=dwn&amp;tipus=i&amp;data=20230223&amp;anyp=2023&amp;num=01219&amp;v=i<\/a><\/p>\n\n\n\n<p>Els candidats compten amb deu dies h\u00e0bils des de l\u2019endem\u00e0 de la publicaci\u00f3n al BOPT per formular reclamacions i\/o esmenar defectes que hagin motivat l\u2019exclusi\u00f3. El termini \u00e9s del divendres 24 de febrer al dijous 9 de mar\u00e7 de 2023.<\/p>\n\n\n\n<hr class=\"wp-block-separator has-alpha-channel-opacity\"\/>\n\n\n\n<p><strong>CASTELLANO |<\/strong> El Ayuntamiento de la Bisbal del Pened\u00e8s informa de que se han presentado 11 personas al proceso selectivo de 1 plaza de informador\/a de calle, en r\u00e9gimen de funcionario\/a de carrera, por concurso de m\u00e9ritos:<\/p>\n\n\n\n<ul><li>7 candidatos han sido admitidos provisionalmente<\/li><\/ul>\n\n\n\n<ul><li>4 personas han quedado excluidas provisionalmente por no presentar la documentaci\u00f3n necesaria para evaluar los requisitos y m\u00e9ritos de las plazas<\/li><\/ul>\n\n\n\n<p>Pod\u00e9is consultar aqu\u00ed la relaci\u00f3n provisional de aspirantes admitidos y excluidos (que se firm\u00f3 mediante Decreto de alcald\u00eda el 30 de enero pasado), ya que hoy jueves 23 de febrero ha salido publicada en el BOPT:<\/p>\n\n\n\n<p><a href=\"https:\/\/www.diputaciodetarragona.cat\/ebop\/index.php?op=dwn&amp;tipus=i&amp;data=20230223&amp;anyp=2023&amp;num=01219&amp;v=i\">https:\/\/www.diputaciodetarragona.cat\/ebop\/index.php?op=dwn&amp;tipus=i&amp;data=20230223&amp;anyp=2023&amp;num=01219&amp;v=i<\/a><\/p>\n\n\n\n<p>Los candidatos cuentan con diez d\u00edas h\u00e1biles desde el d\u00eda siguiente de la publicaci\u00f3n en el BOPT para formular reclamaciones y\/o enmendar defectos que hayan motivado la exclusi\u00f3n. El plazo es del viernes 24 de febrero al jueves 9 de marzo de 2023.<\/p>\n","protected":false},"excerpt":{"rendered":"<p>L\u2019Ajuntament de la Bisbal del Pened\u00e8s informa que s\u2019han presentat 11 persones al proc\u00e9s selectiu d\u20191 pla\u00e7a d\u2019informador\/a de carrer, en r\u00e8gim de funcionari\/\u00e0ria de carrera, per concurs de m\u00e8rits: &hellip; <a href=\"https:\/\/bisbalpenedes.com\/web\/2023\/02\/23\/es-publica-la-relacio-provisional-dadmesos-i-exclosos-en-el-proces-selectiu-d1-placa-dinformador-a-de-carrer-per-concurs-de-merits\/\" class=\"more-link\">Read More<\/a><\/p>\n","protected":false},"author":4,"featured_media":25067,"comment_status":"closed","ping_status":"closed","sticky":false,"template":"","format":"standard","meta":[],"categories":[2402,8],"tags":[5845,393,1834],"_links":{"self":[{"href":"https:\/\/bisbalpenedes.com\/web\/wp-json\/wp\/v2\/posts\/25066"}],"collection":[{"href":"https:\/\/bisbalpenedes.com\/web\/wp-json\/wp\/v2\/posts"}],"about":[{"href":"https:\/\/bisbalpenedes.com\/web\/wp-json\/wp\/v2\/types\/post"}],"author":[{"embeddable":true,"href":"https:\/\/bisbalpenedes.com\/web\/wp-json\/wp\/v2\/users\/4"}],"replies":[{"embeddable":true,"href":"https:\/\/bisbalpenedes.com\/web\/wp-json\/wp\/v2\/comments?post=25066"}],"version-history":[{"count":1,"href":"https:\/\/bisbalpenedes.com\/web\/wp-json\/wp\/v2\/posts\/25066\/revisions"}],"predecessor-version":[{"id":25068,"href":"https:\/\/bisbalpenedes.com\/web\/wp-json\/wp\/v2\/posts\/25066\/revisions\/25068"}],"wp:featuredmedia":[{"embeddable":true,"href":"https:\/\/bisbalpenedes.com\/web\/wp-json\/wp\/v2\/media\/25067"}],"wp:attachment":[{"href":"https:\/\/bisbalpenedes.com\/web\/wp-json\/wp\/v2\/media?parent=25066"}],"wp:term":[{"taxonomy":"category","embeddable":true,"href":"https:\/\/bisbalpenedes.com\/web\/wp-json\/wp\/v2\/categories?post=25066"},{"taxonomy":"post_tag","embeddable":true,"href":"https:\/\/bisbalpenedes.com\/web\/wp-json\/wp\/v2\/tags?post=25066"}],"curies":[{"name":"wp","href":"https:\/\/api.w.org\/{rel}","templated":true}]}}