{"id":25034,"date":"2023-02-17T12:13:59","date_gmt":"2023-02-17T10:13:59","guid":{"rendered":"https:\/\/bisbalpenedes.com\/web\/?p=25034"},"modified":"2023-02-17T12:42:51","modified_gmt":"2023-02-17T10:42:51","slug":"es-contracta-el-servei-de-desbrossament-poda-i-tala-de-la-zona-de-la-riera-al-seu-pas-pels-carrers-cordoba-almeria-i-huelva-del-priorat","status":"publish","type":"post","link":"https:\/\/bisbalpenedes.com\/web\/2023\/02\/17\/es-contracta-el-servei-de-desbrossament-poda-i-tala-de-la-zona-de-la-riera-al-seu-pas-pels-carrers-cordoba-almeria-i-huelva-del-priorat\/","title":{"rendered":"Es contracta el servei de desbrossament, poda i tala de la zona de la riera al seu pas pels carrers C\u00f3rdoba, Almeria i Huelva del Priorat"},"content":{"rendered":"\n<p>La Junta de Govern del 13 de febrer ha aprovat un contracte menor per dur a terme els serveis de desbrossament, poda i tala de la zona de la riera al seu pas pels carrers C\u00f3rdoba, Almeria i Huelva. Amb aquestes actuacions es vol mantenir la zona neta per assegurar el pas d&#8217;aigua per la riera, prevenir incendis i evitar que la vegetaci\u00f3 envaeixi la via p\u00fablica.<\/p>\n\n\n\n<p>La zona en qu\u00e8 es treballar\u00e0 es coneix amb el top\u00f2nim de <em>fondo<\/em> <em>del Manyer<\/em> i est\u00e0 situada a l&#8217;extra del Priorat de la Bisbal. Aquest espai transcorre dins de la zona urbana paral\u00b7lela als carrers C\u00f3rdoba, Almer\u00eda i Huelva, amb un recorregut d&#8217;uns 500 metres de llarg i una superf\u00edcie aproximada d&#8217;1,2 hect\u00e0rees. Els treballs inclouen:<\/p>\n\n\n\n<ul><li>Poda de tots els arbres en millor estat per eliminaci\u00f3 de branques mortes, reducci\u00f3 de la copa per evitar envair la via p\u00fablica i limitar el risc de caiguda de branques.<\/li><li>Tala d&#8217;alguns exemplars en mal estat.<\/li><li>Extracci\u00f3 de llenya morta del mig de la riera per reduir la c\u00e0rrega de foc.<\/li><li>Desbrossament i neteja de la zona de la riera, que inclou eliminaci\u00f3 d&#8217;esbarzers i rebrots d&#8217;om que creixen sense control i que podrien dificultar el pas de l&#8217;aigua per la riera.<\/li><\/ul>\n\n\n\n<p>El contracte menor s&#8217;ha aprovat amb l&#8217;empresa Forest Maranai SLU per un import de 14.278\u20ac (IVA incl\u00f2s) i els treballs comen\u00e7aran durant les properes setmanes.<\/p>\n\n\n\n<p class=\"has-cyan-bluish-gray-color has-text-color\"><sub>*Imatge d&#8217;arxiu.<\/sub><\/p>\n\n\n\n<hr class=\"wp-block-separator has-alpha-channel-opacity\"\/>\n\n\n\n<p><strong>CASTELLANO |<\/strong> La Junta de Gobierno del 13 de febrero ha aprobado un contrato menor para llevar a cabo los servicios de desbroce, poda y tala de la zona de la riera a su paso por las calles C\u00f3rdoba, Almer\u00eda y Huelva. Con estas actuaciones se quiere mantener la zona limpia para asegurar el paso de agua por la riera, prevenir incendios y evitar que la vegetaci\u00f3n invada la v\u00eda p\u00fablica.<\/p>\n\n\n\n<p>La zona en que se trabajar\u00e1 se conoce con el top\u00f3nimo de <em>fondo del Manyer<\/em> y est\u00e1 situada en la extra del Priorat de la Bisbal. Este espacio transcurre dentro de la zona urbana paralela a las calles C\u00f3rdoba, Almer\u00eda y Huelva, con un recorrido de unos 500 metros de largo y una superficie aproximada de 1,2 hect\u00e1reas. Los trabajos incluyen:<\/p>\n\n\n\n<ul><li>Poda de todos los \u00e1rboles en mejor estado para la eliminaci\u00f3n de ramas muertas, reducci\u00f3n de la copa para evitar invadir la v\u00eda p\u00fablica y limitar el riesgo de ca\u00edda de ramas.<\/li><li>Tala de algunos ejemplares en mal estado.<\/li><li>Extracci\u00f3n de le\u00f1a muerta del medio de la riera para reducir la carga de fuego.<\/li><li>Desbroce y limpieza de la zona de la riera, que incluye eliminaci\u00f3n de zarzas y rebrotes de olmo que crecen sin control y que podr\u00edan dificultar el paso del agua por la riera.<\/li><\/ul>\n\n\n\n<p>El contrato menor se ha aprobado con l &#8216;empresa Forest Maranai SLU por un importe de 14.278\u20ac (IVA incluido) y los trabajos empezar\u00e1n durante las pr\u00f3ximas semanas.<\/p>\n\n\n\n<p class=\"has-cyan-bluish-gray-color has-text-color\"><sub>*Imagen de archivo<\/sub><\/p>\n","protected":false},"excerpt":{"rendered":"<p>La Junta de Govern del 13 de febrer ha aprovat un contracte menor per dur a terme els serveis de desbrossament, poda i tala de la zona de la riera &hellip; <a href=\"https:\/\/bisbalpenedes.com\/web\/2023\/02\/17\/es-contracta-el-servei-de-desbrossament-poda-i-tala-de-la-zona-de-la-riera-al-seu-pas-pels-carrers-cordoba-almeria-i-huelva-del-priorat\/\" class=\"more-link\">Read More<\/a><\/p>\n","protected":false},"author":4,"featured_media":5906,"comment_status":"closed","ping_status":"closed","sticky":false,"template":"","format":"standard","meta":[],"categories":[32,8],"tags":[739,4308,393,2629,520],"_links":{"self":[{"href":"https:\/\/bisbalpenedes.com\/web\/wp-json\/wp\/v2\/posts\/25034"}],"collection":[{"href":"https:\/\/bisbalpenedes.com\/web\/wp-json\/wp\/v2\/posts"}],"about":[{"href":"https:\/\/bisbalpenedes.com\/web\/wp-json\/wp\/v2\/types\/post"}],"author":[{"embeddable":true,"href":"https:\/\/bisbalpenedes.com\/web\/wp-json\/wp\/v2\/users\/4"}],"replies":[{"embeddable":true,"href":"https:\/\/bisbalpenedes.com\/web\/wp-json\/wp\/v2\/comments?post=25034"}],"version-history":[{"count":2,"href":"https:\/\/bisbalpenedes.com\/web\/wp-json\/wp\/v2\/posts\/25034\/revisions"}],"predecessor-version":[{"id":25043,"href":"https:\/\/bisbalpenedes.com\/web\/wp-json\/wp\/v2\/posts\/25034\/revisions\/25043"}],"wp:featuredmedia":[{"embeddable":true,"href":"https:\/\/bisbalpenedes.com\/web\/wp-json\/wp\/v2\/media\/5906"}],"wp:attachment":[{"href":"https:\/\/bisbalpenedes.com\/web\/wp-json\/wp\/v2\/media?parent=25034"}],"wp:term":[{"taxonomy":"category","embeddable":true,"href":"https:\/\/bisbalpenedes.com\/web\/wp-json\/wp\/v2\/categories?post=25034"},{"taxonomy":"post_tag","embeddable":true,"href":"https:\/\/bisbalpenedes.com\/web\/wp-json\/wp\/v2\/tags?post=25034"}],"curies":[{"name":"wp","href":"https:\/\/api.w.org\/{rel}","templated":true}]}}