{"id":25027,"date":"2023-02-17T12:00:04","date_gmt":"2023-02-17T10:00:04","guid":{"rendered":"https:\/\/bisbalpenedes.com\/web\/?p=25027"},"modified":"2023-02-17T12:04:04","modified_gmt":"2023-02-17T10:04:04","slug":"la-junta-de-govern-aprova-la-primera-certificacio-de-les-obres-de-la-fase-1-del-poliesportiu-municipal","status":"publish","type":"post","link":"https:\/\/bisbalpenedes.com\/web\/2023\/02\/17\/la-junta-de-govern-aprova-la-primera-certificacio-de-les-obres-de-la-fase-1-del-poliesportiu-municipal\/","title":{"rendered":"<strong>La Junta de Govern aprova la primera certificaci\u00f3 de les obres de la fase 1 del poliesportiu municipal<\/strong>"},"content":{"rendered":"\n<p>La Junta de Govern local del 13 de febrer va aprovar la primera certificaci\u00f3 de l&#8217;obra de la Fase 1 del poliesportiu municipal, corresponent a la rehabilitaci\u00f3 del pavell\u00f3 esportiu i la construcci\u00f3 dels vestidors. Aquesta certificaci\u00f3 \u00e9s de 73.242,53\u20ac (IVA incl\u00f2s) i correspon als treballs previs, els enderrocs, fonaments, murs, reparacions i estructures.<\/p>\n\n\n\n<p>La mateixa Junta de Govern va aprovar els nous preus de les obres compreses en la primera certificaci\u00f3, per 4.551,49\u20ac (IVA incl\u00f2s) que correspon a enderrocs, soleres i recrescuts. Aquesta aprovaci\u00f3 de preus no suposa cap increment del preu global del contracte.<\/p>\n\n\n\n<p class=\"has-cyan-bluish-gray-color has-text-color\"><sub>*Fotografia de la visita d&#8217;obres realitzada posteriorment, el 16 de febrer de 2023<\/sub><\/p>\n\n\n\n<hr class=\"wp-block-separator has-alpha-channel-opacity\"\/>\n\n\n\n<p><strong>CASTELLANO |<\/strong>&nbsp;La Junta de Gobierno local del 13 de febrero aprob\u00f3 la primera certificaci\u00f3n de la obra de la Fase 1 del polideportivo municipal, correspondiente a la rehabilitaci\u00f3n del pabell\u00f3n deportivo y la construcci\u00f3n de vestidores. Esta certificaci\u00f3n es de 73.242,53\u20ac (IVA incluido) y corresponde a los trabajos previos, los derribos, cimientos, muros, reparaciones y estructuras.<\/p>\n\n\n\n<p>La misma Junta de Gobierno aprob\u00f3 los nuevos precios de las obras comprendidas en la primera certificaci\u00f3n, por 4.551,49\u20ac (IVA incluido) que corresponde a derribos, soleras y recrecidos. Esta aprobaci\u00f3n de precios no supone ning\u00fan incremento del precio global del contrato.<\/p>\n\n\n\n<p class=\"has-cyan-bluish-gray-color has-text-color\">*<sub>Fotograf\u00eda de la visita de obras realizada posteriormente, el 16 de febrero de 2023<\/sub><\/p>\n","protected":false},"excerpt":{"rendered":"<p>La Junta de Govern local del 13 de febrer va aprovar la primera certificaci\u00f3 de l&#8217;obra de la Fase 1 del poliesportiu municipal, corresponent a la rehabilitaci\u00f3 del pavell\u00f3 esportiu &hellip; <a href=\"https:\/\/bisbalpenedes.com\/web\/2023\/02\/17\/la-junta-de-govern-aprova-la-primera-certificacio-de-les-obres-de-la-fase-1-del-poliesportiu-municipal\/\" class=\"more-link\">Read More<\/a><\/p>\n","protected":false},"author":4,"featured_media":25002,"comment_status":"closed","ping_status":"closed","sticky":false,"template":"","format":"standard","meta":[],"categories":[19,3085,8,15],"tags":[459,686,393,1374,483],"_links":{"self":[{"href":"https:\/\/bisbalpenedes.com\/web\/wp-json\/wp\/v2\/posts\/25027"}],"collection":[{"href":"https:\/\/bisbalpenedes.com\/web\/wp-json\/wp\/v2\/posts"}],"about":[{"href":"https:\/\/bisbalpenedes.com\/web\/wp-json\/wp\/v2\/types\/post"}],"author":[{"embeddable":true,"href":"https:\/\/bisbalpenedes.com\/web\/wp-json\/wp\/v2\/users\/4"}],"replies":[{"embeddable":true,"href":"https:\/\/bisbalpenedes.com\/web\/wp-json\/wp\/v2\/comments?post=25027"}],"version-history":[{"count":5,"href":"https:\/\/bisbalpenedes.com\/web\/wp-json\/wp\/v2\/posts\/25027\/revisions"}],"predecessor-version":[{"id":25032,"href":"https:\/\/bisbalpenedes.com\/web\/wp-json\/wp\/v2\/posts\/25027\/revisions\/25032"}],"wp:featuredmedia":[{"embeddable":true,"href":"https:\/\/bisbalpenedes.com\/web\/wp-json\/wp\/v2\/media\/25002"}],"wp:attachment":[{"href":"https:\/\/bisbalpenedes.com\/web\/wp-json\/wp\/v2\/media?parent=25027"}],"wp:term":[{"taxonomy":"category","embeddable":true,"href":"https:\/\/bisbalpenedes.com\/web\/wp-json\/wp\/v2\/categories?post=25027"},{"taxonomy":"post_tag","embeddable":true,"href":"https:\/\/bisbalpenedes.com\/web\/wp-json\/wp\/v2\/tags?post=25027"}],"curies":[{"name":"wp","href":"https:\/\/api.w.org\/{rel}","templated":true}]}}