{"id":25017,"date":"2023-02-17T13:47:48","date_gmt":"2023-02-17T11:47:48","guid":{"rendered":"https:\/\/bisbalpenedes.com\/web\/?p=25017"},"modified":"2023-03-28T17:59:42","modified_gmt":"2023-03-28T15:59:42","slug":"ja-et-pots-inscriure-a-la-transhumant-2023-vine-a-fer-un-tast-dels-camins-ramaders-del-penedes-amb-el-salvador-i-el-seu-ramat","status":"publish","type":"post","link":"https:\/\/bisbalpenedes.com\/web\/2023\/02\/17\/ja-et-pots-inscriure-a-la-transhumant-2023-vine-a-fer-un-tast-dels-camins-ramaders-del-penedes-amb-el-salvador-i-el-seu-ramat\/","title":{"rendered":"Ja et pots inscriure a la &#8216;Transhumant 2023&#8217;: vine a fer un tast dels camins ramaders del Pened\u00e8s amb el Salvador i el seu ramat"},"content":{"rendered":"\n<p>El proper dissabte 15 d&#8217;abril es dur\u00e0 a terme la &#8216;Transhumant 2023&#8217;, una caminada des de la Bisbal del Pened\u00e8s a Can Marl\u00e8s que finalitzar\u00e0 amb un dinar. Amb aquesta sortida, tindreu l&#8217;oportunitat de fer una caminada acompanyats d&#8217;un pastor de cinquena generaci\u00f3, el Salvador, acompanyat del seu ramat de m\u00e9s de 200 ovelles. A m\u00e9s, gaudireu dels paisatges i la gastronomia penedesenca.<\/p>\n\n\n\n<p>Aquest esdeveniment tur\u00edstic vol donar a con\u00e8ixer tot el que envolta la cultura dels pastors del Pened\u00e8s i, alhora, ser un punt de trobada de persones que treballen en el futur d&#8217;aquest ofici carregat d&#8217;hist\u00f2ria i tradici\u00f3, per\u00f2 que cal adaptar als usos de la societat actual. <\/p>\n\n\n\n<p>Es proposen dues rutes:<\/p>\n\n\n\n<ul><li><span style=\"text-decoration: underline;\">Ruta llarga de la Bisbal del Pened\u00e8s a Can Marl\u00e8s:<\/span> sortida a les 8:00h. 16km de recorregut i 600m de desnivell. Esmorzar a la Joncosa i dinar a Can Marl\u00e8s. Tornada de Can Marl\u00e8s a la Bisbal en autob\u00fas. Inscripcions a la ruta llarga: <a rel=\"noreferrer noopener\" href=\"https:\/\/runedia.mundodeportivo.com\/carrera\/transhumant-2023-2023\/202353357\/\" target=\"_blank\">https:\/\/runedia.mundodeportivo.com\/carrera\/transhumant-2023-2023\/202353357\/<\/a><\/li><li><span style=\"text-decoration: underline;\">Ruta curta de la Joncosa a Can Marl\u00e8s:<\/span> Sortida a les 10:30h aprox. 7km de recorregut i 350m de desnivell. Dinar a Can Marl\u00e8s. Tornada a la Joncosa amb autob\u00fas. Inscripcions a la ruta curta: <a rel=\"noreferrer noopener\" href=\"https:\/\/runedia.mundodeportivo.com\/carrera\/transhumant-curta-2023-2023\/202353359\/\" target=\"_blank\">https:\/\/runedia.mundodeportivo.com\/carrera\/transhumant-curta-2023-2023\/202353359\/<\/a><\/li><\/ul>\n\n\n\n<p>Tots els participants rebreu una samarreta commemorativa.<\/p>\n\n\n\n<p>Amb la col\u00b7laboraci\u00f3 de la Regidoria de Turisme de l\u2019Ajuntament de la Bisbal del Pened\u00e8s.<\/p>\n\n\n\n<hr class=\"wp-block-separator has-alpha-channel-opacity\"\/>\n\n\n\n<p>El pr\u00f3ximo s\u00e1bado 15 de abril se llevar\u00e1 a cabo la &#8216;Transhumant 2023&#8217;, una caminata desde la Bisbal del Pened\u00e8s hasta Can Marl\u00e8s que finalizar\u00e1 con una comida. Con esta salida, tendr\u00e9is la oportunidad de hacer una caminata acompa\u00f1ados de un pastor de quinta generaci\u00f3n, Salvador, acompa\u00f1ado de su reba\u00f1o de m\u00e1s de 200 ovejas. Adem\u00e1s, disfrutar\u00e9is de los paisajes y la gastronom\u00eda del Pened\u00e8s.<\/p>\n\n\n\n<p>Este evento tur\u00edstico quiere dar a conocer todo lo que rodea a la cultura de los pastores del Pened\u00e8s y, a la vez, ser un punto de encuentro de personas que trabajan en el futuro de este oficio cargado de historia y tradici\u00f3n, pero que hay que adaptar a los usos de la sociedad actual.<\/p>\n\n\n\n<p>Se proponen dos rutas:<\/p>\n\n\n\n<ul><li><span style=\"text-decoration: underline;\">Ruta larga de la Bisbal del Pened\u00e8s a Can Marl\u00e8s:<\/span> 16km y 600m de desnivel. Almuerzo en la Juncosa y comida en Can Marl\u00e8s. Vuelta de Can Marl\u00e8s a la Bisbal en autob\u00fas. Inscripciones a la ruta larga: <a rel=\"noreferrer noopener\" href=\"https:\/\/runedia.mundodeportivo.com\/carrera\/transhumant-2023-2023\/202353357\/\" target=\"_blank\">https:\/\/runedia.mundodeportivo.com\/carrera\/transhumant-2023-2023\/202353357\/<\/a><\/li><li><span style=\"text-decoration: underline;\">Ruta curta de la Joncosa a Can Marl\u00e8s:<\/span> 7km y 350m de desnivel. Comida en Can Marl\u00e8s. Vuelta a la Joncosa con autob\u00fas. Inscripciones a la ruta corta: <a rel=\"noreferrer noopener\" href=\"https:\/\/runedia.mundodeportivo.com\/carrera\/transhumant-curta-2023-2023\/202353359\/\" target=\"_blank\">https:\/\/runedia.mundodeportivo.com\/carrera\/transhumant-curta-2023-2023\/202353359\/<\/a><\/li><\/ul>\n\n\n\n<p>Todos los participantes recibir\u00e9is una camiseta conmemorativa.<\/p>\n\n\n\n<p>Con la colaboraci\u00f3n de la Concejal\u00eda de Turismo del Ayuntamiento de la Bisbal del Pened\u00e8s.<\/p>\n","protected":false},"excerpt":{"rendered":"<p>El proper dissabte 15 d&#8217;abril es dur\u00e0 a terme la &#8216;Transhumant 2023&#8217;, una caminada des de la Bisbal del Pened\u00e8s a Can Marl\u00e8s que finalitzar\u00e0 amb un dinar. Amb aquesta &hellip; <a href=\"https:\/\/bisbalpenedes.com\/web\/2023\/02\/17\/ja-et-pots-inscriure-a-la-transhumant-2023-vine-a-fer-un-tast-dels-camins-ramaders-del-penedes-amb-el-salvador-i-el-seu-ramat\/\" class=\"more-link\">Read More<\/a><\/p>\n","protected":false},"author":4,"featured_media":25045,"comment_status":"closed","ping_status":"closed","sticky":false,"template":"","format":"standard","meta":[],"categories":[8,4878],"tags":[1723,5840,393,5839,5838],"_links":{"self":[{"href":"https:\/\/bisbalpenedes.com\/web\/wp-json\/wp\/v2\/posts\/25017"}],"collection":[{"href":"https:\/\/bisbalpenedes.com\/web\/wp-json\/wp\/v2\/posts"}],"about":[{"href":"https:\/\/bisbalpenedes.com\/web\/wp-json\/wp\/v2\/types\/post"}],"author":[{"embeddable":true,"href":"https:\/\/bisbalpenedes.com\/web\/wp-json\/wp\/v2\/users\/4"}],"replies":[{"embeddable":true,"href":"https:\/\/bisbalpenedes.com\/web\/wp-json\/wp\/v2\/comments?post=25017"}],"version-history":[{"count":3,"href":"https:\/\/bisbalpenedes.com\/web\/wp-json\/wp\/v2\/posts\/25017\/revisions"}],"predecessor-version":[{"id":25046,"href":"https:\/\/bisbalpenedes.com\/web\/wp-json\/wp\/v2\/posts\/25017\/revisions\/25046"}],"wp:featuredmedia":[{"embeddable":true,"href":"https:\/\/bisbalpenedes.com\/web\/wp-json\/wp\/v2\/media\/25045"}],"wp:attachment":[{"href":"https:\/\/bisbalpenedes.com\/web\/wp-json\/wp\/v2\/media?parent=25017"}],"wp:term":[{"taxonomy":"category","embeddable":true,"href":"https:\/\/bisbalpenedes.com\/web\/wp-json\/wp\/v2\/categories?post=25017"},{"taxonomy":"post_tag","embeddable":true,"href":"https:\/\/bisbalpenedes.com\/web\/wp-json\/wp\/v2\/tags?post=25017"}],"curies":[{"name":"wp","href":"https:\/\/api.w.org\/{rel}","templated":true}]}}