{"id":25010,"date":"2023-02-17T11:04:34","date_gmt":"2023-02-17T09:04:34","guid":{"rendered":"https:\/\/bisbalpenedes.com\/web\/?p=25010"},"modified":"2023-02-17T11:04:34","modified_gmt":"2023-02-17T09:04:34","slug":"les-obres-de-la-fassina-han-comencat-amb-els-moviments-de-terres-per-fer-la-fonamentacio-de-la-construccio","status":"publish","type":"post","link":"https:\/\/bisbalpenedes.com\/web\/2023\/02\/17\/les-obres-de-la-fassina-han-comencat-amb-els-moviments-de-terres-per-fer-la-fonamentacio-de-la-construccio\/","title":{"rendered":"Les obres de la &#8216;fassina&#8217; han comen\u00e7at amb els moviments de terres per fer la fonamentaci\u00f3 de la construcci\u00f3"},"content":{"rendered":"\n<p>Aquest dijous 16 de febrer s\u2019ha dut a terme una visita d\u2019obres a la fassina. Les obres d\u2019aquest espai han comen\u00e7at amb els moviments de terres per fer la fonamentaci\u00f3 de la construcci\u00f3 d\u2019un magatzem municipal per a la brigada, la construcci\u00f3 del local per a l\u2019\u00fas de la colla castellera de la Bisbal i la consolidaci\u00f3, reforma i rehabilitaci\u00f3 de la torre de la fassina perqu\u00e8 hi assagi la Colla castellera de la Bisbal.<\/p>\n\n\n\n<p>A la visita d\u2019obres hi han assistit l\u2019alcaldessa de la Bisbal del Pened\u00e8s, Agn\u00e8s Ferr\u00e9, i la regidora d\u2019Esports, Leo Uceda; la direcci\u00f3 d\u2019obra, l\u2019empresa constructora, la interventora municipal, l\u2019arquitecta municipal i l\u2019enginyer municipal.<\/p>\n\n\n\n<figure class=\"wp-container-2 wp-block-gallery-1 wp-block-gallery has-nested-images columns-default is-cropped\">\n<figure class=\"wp-block-image size-large\"><img loading=\"lazy\" width=\"1024\" height=\"768\" data-id=\"25012\"  src=\"https:\/\/bisbalpenedes.com\/web\/wp-content\/uploads\/2023\/02\/VISITA-OBRES-FASSINA-FEBRER-23-2-1024x768.jpg\" alt=\"\" class=\"wp-image-25012\" srcset=\"https:\/\/bisbalpenedes.com\/web\/wp-content\/uploads\/2023\/02\/VISITA-OBRES-FASSINA-FEBRER-23-2-1024x768.jpg 1024w, https:\/\/bisbalpenedes.com\/web\/wp-content\/uploads\/2023\/02\/VISITA-OBRES-FASSINA-FEBRER-23-2-300x225.jpg 300w, https:\/\/bisbalpenedes.com\/web\/wp-content\/uploads\/2023\/02\/VISITA-OBRES-FASSINA-FEBRER-23-2-768x576.jpg 768w, https:\/\/bisbalpenedes.com\/web\/wp-content\/uploads\/2023\/02\/VISITA-OBRES-FASSINA-FEBRER-23-2-1536x1152.jpg 1536w, https:\/\/bisbalpenedes.com\/web\/wp-content\/uploads\/2023\/02\/VISITA-OBRES-FASSINA-FEBRER-23-2-2048x1536.jpg 2048w, https:\/\/bisbalpenedes.com\/web\/wp-content\/uploads\/2023\/02\/VISITA-OBRES-FASSINA-FEBRER-23-2-600x450.jpg 600w\" sizes=\"(max-width: 1024px) 100vw, 1024px\" \/><\/figure>\n\n\n\n<figure class=\"wp-block-image size-large\"><img loading=\"lazy\" width=\"1024\" height=\"768\" data-id=\"25013\"  src=\"https:\/\/bisbalpenedes.com\/web\/wp-content\/uploads\/2023\/02\/VISITA-OBRES-FASSINA-FEBRER-23-3-1024x768.jpg\" alt=\"\" class=\"wp-image-25013\" srcset=\"https:\/\/bisbalpenedes.com\/web\/wp-content\/uploads\/2023\/02\/VISITA-OBRES-FASSINA-FEBRER-23-3-1024x768.jpg 1024w, https:\/\/bisbalpenedes.com\/web\/wp-content\/uploads\/2023\/02\/VISITA-OBRES-FASSINA-FEBRER-23-3-300x225.jpg 300w, https:\/\/bisbalpenedes.com\/web\/wp-content\/uploads\/2023\/02\/VISITA-OBRES-FASSINA-FEBRER-23-3-768x576.jpg 768w, https:\/\/bisbalpenedes.com\/web\/wp-content\/uploads\/2023\/02\/VISITA-OBRES-FASSINA-FEBRER-23-3-1536x1152.jpg 1536w, https:\/\/bisbalpenedes.com\/web\/wp-content\/uploads\/2023\/02\/VISITA-OBRES-FASSINA-FEBRER-23-3-2048x1536.jpg 2048w, https:\/\/bisbalpenedes.com\/web\/wp-content\/uploads\/2023\/02\/VISITA-OBRES-FASSINA-FEBRER-23-3-600x450.jpg 600w\" sizes=\"(max-width: 1024px) 100vw, 1024px\" \/><\/figure>\n\n\n\n<figure class=\"wp-block-image size-large\"><img loading=\"lazy\" width=\"1024\" height=\"768\" data-id=\"25014\"  src=\"https:\/\/bisbalpenedes.com\/web\/wp-content\/uploads\/2023\/02\/VISITA-OBRES-FASSINA-FEBRER-23-4-1024x768.jpg\" alt=\"\" class=\"wp-image-25014\" srcset=\"https:\/\/bisbalpenedes.com\/web\/wp-content\/uploads\/2023\/02\/VISITA-OBRES-FASSINA-FEBRER-23-4-1024x768.jpg 1024w, https:\/\/bisbalpenedes.com\/web\/wp-content\/uploads\/2023\/02\/VISITA-OBRES-FASSINA-FEBRER-23-4-300x225.jpg 300w, https:\/\/bisbalpenedes.com\/web\/wp-content\/uploads\/2023\/02\/VISITA-OBRES-FASSINA-FEBRER-23-4-768x576.jpg 768w, https:\/\/bisbalpenedes.com\/web\/wp-content\/uploads\/2023\/02\/VISITA-OBRES-FASSINA-FEBRER-23-4-1536x1152.jpg 1536w, https:\/\/bisbalpenedes.com\/web\/wp-content\/uploads\/2023\/02\/VISITA-OBRES-FASSINA-FEBRER-23-4-2048x1536.jpg 2048w, https:\/\/bisbalpenedes.com\/web\/wp-content\/uploads\/2023\/02\/VISITA-OBRES-FASSINA-FEBRER-23-4-600x450.jpg 600w\" sizes=\"(max-width: 1024px) 100vw, 1024px\" \/><\/figure>\n<\/figure>\n\n\n\n<hr class=\"wp-block-separator has-alpha-channel-opacity\"\/>\n\n\n\n<p>Este jueves 16 de febrero se ha llevado a cabo una visita de obras a la fassina. Las obras de este espacio han empezado con los movimientos de tierras para hacer la cimentaci\u00f3n de la construcci\u00f3n de un almac\u00e9n municipal pera la brigada, la construcci\u00f3n del local para el uso de la colla castellera de la Bisbal y la consolidaci\u00f3n, reforma y rehabilitaci\u00f3n de la torre de la \u2018fassina\u2019 para que ensaye all\u00ed la Colla castellera de la Bisbal.<\/p>\n\n\n\n<p>Han asistido a la visita de obras: la alcaldesa de la Bisbal del Pened\u00e8s, Agn\u00e8s Ferr\u00e9, y la concejala de Deportes, Leo Uceda; la direcci\u00f3n de la obra, la empresa constructora, la interventora municipal, la arquitecta municipal y el ingeniero municipal.<\/p>\n\n\n\n<p><\/p>\n","protected":false},"excerpt":{"rendered":"<p>Aquest dijous 16 de febrer s\u2019ha dut a terme una visita d\u2019obres a la fassina. Les obres d\u2019aquest espai han comen\u00e7at amb els moviments de terres per fer la fonamentaci\u00f3 &hellip; <a href=\"https:\/\/bisbalpenedes.com\/web\/2023\/02\/17\/les-obres-de-la-fassina-han-comencat-amb-els-moviments-de-terres-per-fer-la-fonamentacio-de-la-construccio\/\" class=\"more-link\">Read More<\/a><\/p>\n","protected":false},"author":4,"featured_media":25011,"comment_status":"closed","ping_status":"closed","sticky":false,"template":"","format":"standard","meta":[],"categories":[13,8,15],"tags":[459,393,3504,2961,199],"_links":{"self":[{"href":"https:\/\/bisbalpenedes.com\/web\/wp-json\/wp\/v2\/posts\/25010"}],"collection":[{"href":"https:\/\/bisbalpenedes.com\/web\/wp-json\/wp\/v2\/posts"}],"about":[{"href":"https:\/\/bisbalpenedes.com\/web\/wp-json\/wp\/v2\/types\/post"}],"author":[{"embeddable":true,"href":"https:\/\/bisbalpenedes.com\/web\/wp-json\/wp\/v2\/users\/4"}],"replies":[{"embeddable":true,"href":"https:\/\/bisbalpenedes.com\/web\/wp-json\/wp\/v2\/comments?post=25010"}],"version-history":[{"count":1,"href":"https:\/\/bisbalpenedes.com\/web\/wp-json\/wp\/v2\/posts\/25010\/revisions"}],"predecessor-version":[{"id":25015,"href":"https:\/\/bisbalpenedes.com\/web\/wp-json\/wp\/v2\/posts\/25010\/revisions\/25015"}],"wp:featuredmedia":[{"embeddable":true,"href":"https:\/\/bisbalpenedes.com\/web\/wp-json\/wp\/v2\/media\/25011"}],"wp:attachment":[{"href":"https:\/\/bisbalpenedes.com\/web\/wp-json\/wp\/v2\/media?parent=25010"}],"wp:term":[{"taxonomy":"category","embeddable":true,"href":"https:\/\/bisbalpenedes.com\/web\/wp-json\/wp\/v2\/categories?post=25010"},{"taxonomy":"post_tag","embeddable":true,"href":"https:\/\/bisbalpenedes.com\/web\/wp-json\/wp\/v2\/tags?post=25010"}],"curies":[{"name":"wp","href":"https:\/\/api.w.org\/{rel}","templated":true}]}}