{"id":2501,"date":"2017-05-30T00:33:31","date_gmt":"2017-05-29T18:33:31","guid":{"rendered":"http:\/\/bisbalpenedes.com\/web\/?p=2501"},"modified":"2017-05-30T00:37:45","modified_gmt":"2017-05-29T18:37:45","slug":"lajuntament-de-la-bisbal-ha-aprovat-per-unanimitat-la-tramitacio-legal-de-lampliacio-de-la-potencia-contractada-als-poligons-industrials-del-municipi","status":"publish","type":"post","link":"https:\/\/bisbalpenedes.com\/web\/2017\/05\/30\/lajuntament-de-la-bisbal-ha-aprovat-per-unanimitat-la-tramitacio-legal-de-lampliacio-de-la-potencia-contractada-als-poligons-industrials-del-municipi\/","title":{"rendered":"L\u2019Ajuntament de La Bisbal ha aprovat per unanimitat la tramitaci\u00f3 legal de l\u2019ampliaci\u00f3 de la pot\u00e8ncia el\u00e8ctrica contractada als pol\u00edgons industrials del municipi"},"content":{"rendered":"<p><a href=\"http:\/\/bisbalpenedes.com\/web\/wp-content\/uploads\/2017\/05\/POL-INDUSTIRAL-LES-PLANES.jpg\"><img loading=\"lazy\" class=\"aligncenter size-medium wp-image-2502\" title=\"POL INDUSTIRAL LES PLANES\" src=\"http:\/\/bisbalpenedes.com\/web\/wp-content\/uploads\/2017\/05\/POL-INDUSTIRAL-LES-PLANES-300x225.jpg\" alt=\"\" width=\"300\" height=\"225\" srcset=\"https:\/\/bisbalpenedes.com\/web\/wp-content\/uploads\/2017\/05\/POL-INDUSTIRAL-LES-PLANES-300x225.jpg 300w, https:\/\/bisbalpenedes.com\/web\/wp-content\/uploads\/2017\/05\/POL-INDUSTIRAL-LES-PLANES-600x450.jpg 600w, https:\/\/bisbalpenedes.com\/web\/wp-content\/uploads\/2017\/05\/POL-INDUSTIRAL-LES-PLANES-1024x768.jpg 1024w\" sizes=\"(max-width: 300px) 100vw, 300px\" \/><\/a><\/p>\n<p>El Ple extraordinari de l\u2019Ajuntament de La Bisbal del Pened\u00e8s ha aprovat aquest dilluns 29 de maig per unanimitat, amb 9 vots a favor (faltaven 2 regidors, un d\u2019ERC i un del PDeCat), un conveni amb Endesa Distribuci\u00f3 El\u00e8ctrica (EDE) per dur a terme la tramitaci\u00f3 legal pel desenvolupament de les actuacions urban\u00edstiques previstes en l\u2019ordenament urban\u00edstic de diversos municipis, incl\u00f2s el municipi de La Bisbal, per a la realitzaci\u00f3 d\u2019infraestructures d\u2019energia el\u00e8ctrica que permetin disposar, als promotors de diversos pol\u00edgons industrials, de l\u2019increment de pot\u00e8ncia el\u00e8ctrica que havien sol\u00b7licitat. \u00c9s a dir, s\u2019ha signat una ampliaci\u00f3 de les infraestructures el\u00e8ctriques que permetr\u00e0 ampliar la pot\u00e8ncia contractada als pol\u00edgons industrials de La Bisbal del Pened\u00e8s.<\/p>\n<p>Les infraestructures a realitzar tindran un cost total superior als 4 milions d\u2019euros i s\u2019iniciaran a la SE Castellet, beneficiant la xarxa que arriba als termes de Banyeres, Santa Oliva i La Bisbal. Aix\u00ed, la infraestructura suposa ampliar la SE Castellet, quatre l\u00ednies subterr\u00e0nies, les connexions necess\u00e0ries a la xarxa existent dels diferents pol\u00edgons, realitzar la construcci\u00f3 d\u2019una nova l\u00ednia a\u00e8ria de mitja tensi\u00f3 de quatre circuits des de torres met\u00e0l\u00b7liques i l\u2019ampliaci\u00f3 del transformador de Castellet. Per poder dur a terme aquesta ampliaci\u00f3 de les infraestructures i, per tant, ampliar la pot\u00e8ncia contractada als pol\u00edgons, s\u2019ha comptat amb la col\u00b7laboraci\u00f3 dels Serveis Territorials d\u2019Empresa i Coneixement a Tarragona i, en concret, amb la seva directora, Carme Mansilla, que ha assessorat l\u2019Ajuntament bisbalenc sobre el contingut del conveni i el seu procediment.<\/p>\n<p>Recordem que el Pol\u00edgon Industrial Les Planes es va executar entre el 2002 i el 2005 a iniciativa de l\u2019Ajuntament de La Bisbal del Pened\u00e8s. El 2004 ja es va signar un primer conveni amb la companyia el\u00e8ctrica per incrementar la pot\u00e8ncia el\u00e8ctrica per arribar a la pot\u00e8ncia necess\u00e0ria per les ind\u00fastries, la pot\u00e8ncia que fixava el projecte d\u2019urbanitzaci\u00f3 del pol\u00edgon, que s\u00f3n 17.843,60kw d\u2019increment de pot\u00e8ncia. El pol\u00edgon ja es va recepcionar, estant les obres executades, per\u00f2 quedant pendent aquesta connexi\u00f3 d\u2019alimentaci\u00f3 externa. Els propietaris de les parcel\u00b7les ja van fer un primer pagament d\u2019aquest projecte d\u2019infraestructura d\u2019energia sense que s\u2019inici\u00e9s el projecte i tots aquests anys ha estat aturat quant a l\u2019execuci\u00f3 de les obres contemplades en el conveni signat el 2004, per\u00f2 entre el 2005 i el 2012 van afegir-se a la petici\u00f3 d\u2019increment de pot\u00e8ncia el\u00e8ctrica m\u00e9s pol\u00edgons, fet que ha fet anar variant el projecte inicial fins que, a finals del 2015, va tornar-se a engegar. S\u2019han fet diverses reunions entre representants d\u2019EDE, l\u2019Ajuntament i els promotors dels altres pol\u00edgons. Val a dir que el de La Bisbal \u00e9s l\u2019\u00fanic Ajuntament, la resta s\u00f3n promotors privats. De fet l\u2019Ajuntament va ser el promotor del pol\u00edgon Les Planes per\u00f2 els propietaris de cada parcel\u00b7la s\u00f3n els que han de fer front als costos d\u2019aquesta infraestructura. El pol\u00edgon industrial Les Planes Baixes tamb\u00e9 \u00e9s dins el terme municipal de La Bisbal del Pened\u00e8s, per\u00f2 el promotor \u00e9s privat. Aquest pol\u00edgon es va recepcionar el juny passat, quedant pendent de la recepci\u00f3 definitiva aquesta infraestructura energ\u00e8tica.<\/p>\n<p>El conveni que es signar\u00e0 properament comptar\u00e0 amb EDE, quatre pol\u00edgons i dues empreses. Cadasc\u00fa acceptar\u00e0 les condicions dels seus convenis i contractes. L\u2019Ajuntament de La Bisbal del Pened\u00e8s, per la seva banda, signar\u00e0 com a part promotora de Les Planes. Val a dir que el pagament anir\u00e0 a c\u00e0rrec dels propietaris.<\/p>\n<p>Abans del Ple Extraordinari d\u2019aquest dilluns ja s\u2019havien signat les actes pr\u00e8vies i les actes definitives d\u2019expropiaci\u00f3. Ara, despr\u00e9s del ple, s\u2019haur\u00e0 de signar un conveni i comen\u00e7aran les obres. Cada pol\u00edgon assumeix el cost de manera proporcional a la seva participaci\u00f3 i es far\u00e0 en diversos pagaments.<\/p>\n<p>L\u2019Ajuntament tamb\u00e9 est\u00e0 redactant, a trav\u00e9s dels serveis jur\u00eddics urban\u00edstics contractats, una operaci\u00f3 jur\u00eddica complement\u00e0ria per repercutir els costos als propietaris adjudicataris de finques. Els propietaris ja estan assabentats d\u2019aquesta operaci\u00f3 jur\u00eddica, que es dur\u00e0 a terme al mes de juny.<\/p>\n<p>&nbsp;<\/p>\n<p>&nbsp;<\/p>\n","protected":false},"excerpt":{"rendered":"<p>El Ple extraordinari de l\u2019Ajuntament de La Bisbal del Pened\u00e8s ha aprovat aquest dilluns 29 de maig per unanimitat, amb 9 vots a favor (faltaven 2 regidors, un d\u2019ERC i &hellip; <a href=\"https:\/\/bisbalpenedes.com\/web\/2017\/05\/30\/lajuntament-de-la-bisbal-ha-aprovat-per-unanimitat-la-tramitacio-legal-de-lampliacio-de-la-potencia-contractada-als-poligons-industrials-del-municipi\/\" class=\"more-link\">Read More<\/a><\/p>\n","protected":false},"author":4,"featured_media":0,"comment_status":"closed","ping_status":"closed","sticky":false,"template":"","format":"standard","meta":[],"categories":[8],"tags":[440,439,442,334,447,443,441,139,446,445,444],"_links":{"self":[{"href":"https:\/\/bisbalpenedes.com\/web\/wp-json\/wp\/v2\/posts\/2501"}],"collection":[{"href":"https:\/\/bisbalpenedes.com\/web\/wp-json\/wp\/v2\/posts"}],"about":[{"href":"https:\/\/bisbalpenedes.com\/web\/wp-json\/wp\/v2\/types\/post"}],"author":[{"embeddable":true,"href":"https:\/\/bisbalpenedes.com\/web\/wp-json\/wp\/v2\/users\/4"}],"replies":[{"embeddable":true,"href":"https:\/\/bisbalpenedes.com\/web\/wp-json\/wp\/v2\/comments?post=2501"}],"version-history":[{"count":7,"href":"https:\/\/bisbalpenedes.com\/web\/wp-json\/wp\/v2\/posts\/2501\/revisions"}],"predecessor-version":[{"id":2507,"href":"https:\/\/bisbalpenedes.com\/web\/wp-json\/wp\/v2\/posts\/2501\/revisions\/2507"}],"wp:attachment":[{"href":"https:\/\/bisbalpenedes.com\/web\/wp-json\/wp\/v2\/media?parent=2501"}],"wp:term":[{"taxonomy":"category","embeddable":true,"href":"https:\/\/bisbalpenedes.com\/web\/wp-json\/wp\/v2\/categories?post=2501"},{"taxonomy":"post_tag","embeddable":true,"href":"https:\/\/bisbalpenedes.com\/web\/wp-json\/wp\/v2\/tags?post=2501"}],"curies":[{"name":"wp","href":"https:\/\/api.w.org\/{rel}","templated":true}]}}