{"id":25000,"date":"2023-02-17T10:40:22","date_gmt":"2023-02-17T08:40:22","guid":{"rendered":"https:\/\/bisbalpenedes.com\/web\/?p=25000"},"modified":"2023-02-17T10:53:47","modified_gmt":"2023-02-17T08:53:47","slug":"les-obres-de-rehabilitacio-i-ampliacio-del-poliesportiu-avancen-a-bon-ritme-des-que-van-comencar-sha-executat-el-20-de-lobra-i-sesta-treballant-sobre-els-terminis-previstos","status":"publish","type":"post","link":"https:\/\/bisbalpenedes.com\/web\/2023\/02\/17\/les-obres-de-rehabilitacio-i-ampliacio-del-poliesportiu-avancen-a-bon-ritme-des-que-van-comencar-sha-executat-el-20-de-lobra-i-sesta-treballant-sobre-els-terminis-previstos\/","title":{"rendered":"Les obres de rehabilitaci\u00f3 i ampliaci\u00f3 del poliesportiu avancen a bon ritme des que van comen\u00e7ar: s&#8217;ha executat el 20% de l&#8217;obra i s&#8217;esta treballant sobre els terminis previstos"},"content":{"rendered":"\n<p>Aquest dijous 16 de febrer, l\u2019alcaldessa de la Bisbal del Pened\u00e8s, Agn\u00e8s Ferr\u00e9, i la regidora d\u2019Esports, Leo Uceda; han visitat les obres de la fase 1 del poliesportiu municipal acompanyades per la direcci\u00f3 d\u2019obra, l\u2019empresa constructora, la interventora municipal, l\u2019arquitecta municipal i l\u2019enginyer municipal.<\/p>\n\n\n\n<p>La fase 1 de les obres de rehabilitaci\u00f3 i ampliaci\u00f3 del poliesportiu municipal avan\u00e7a a bon ritme des que va comen\u00e7ar la seva execuci\u00f3. En l\u2019actualitat,\u00a0 s\u2019ha executat un 20% de l\u2019obra i s\u2019est\u00e0 treballant sobre els terminis previstos. Aquesta fase inclou la rehabilitaci\u00f3 del pavell\u00f3 poliesportiu i la construcci\u00f3 dels vestuaris del pavell\u00f3.\u00a0<\/p>\n\n\n\n<figure class=\"wp-container-2 wp-block-gallery-1 wp-block-gallery has-nested-images columns-default is-cropped\">\n<figure class=\"wp-block-image size-large\"><img loading=\"lazy\" width=\"1024\" height=\"768\" data-id=\"25003\"  src=\"https:\/\/bisbalpenedes.com\/web\/wp-content\/uploads\/2023\/02\/VISITA-OBRES-POLI-16-FEBRER-23-2-1024x768.jpg\" alt=\"\" class=\"wp-image-25003\" srcset=\"https:\/\/bisbalpenedes.com\/web\/wp-content\/uploads\/2023\/02\/VISITA-OBRES-POLI-16-FEBRER-23-2-1024x768.jpg 1024w, https:\/\/bisbalpenedes.com\/web\/wp-content\/uploads\/2023\/02\/VISITA-OBRES-POLI-16-FEBRER-23-2-300x225.jpg 300w, https:\/\/bisbalpenedes.com\/web\/wp-content\/uploads\/2023\/02\/VISITA-OBRES-POLI-16-FEBRER-23-2-768x576.jpg 768w, https:\/\/bisbalpenedes.com\/web\/wp-content\/uploads\/2023\/02\/VISITA-OBRES-POLI-16-FEBRER-23-2-1536x1152.jpg 1536w, https:\/\/bisbalpenedes.com\/web\/wp-content\/uploads\/2023\/02\/VISITA-OBRES-POLI-16-FEBRER-23-2-2048x1536.jpg 2048w, https:\/\/bisbalpenedes.com\/web\/wp-content\/uploads\/2023\/02\/VISITA-OBRES-POLI-16-FEBRER-23-2-600x450.jpg 600w\" sizes=\"(max-width: 1024px) 100vw, 1024px\" \/><\/figure>\n\n\n\n<figure class=\"wp-block-image size-large\"><img loading=\"lazy\" width=\"1024\" height=\"768\" data-id=\"25005\"  src=\"https:\/\/bisbalpenedes.com\/web\/wp-content\/uploads\/2023\/02\/VISITA-OBRES-POLI-16-02-23-3-1024x768.jpg\" alt=\"\" class=\"wp-image-25005\" srcset=\"https:\/\/bisbalpenedes.com\/web\/wp-content\/uploads\/2023\/02\/VISITA-OBRES-POLI-16-02-23-3-1024x768.jpg 1024w, https:\/\/bisbalpenedes.com\/web\/wp-content\/uploads\/2023\/02\/VISITA-OBRES-POLI-16-02-23-3-300x225.jpg 300w, https:\/\/bisbalpenedes.com\/web\/wp-content\/uploads\/2023\/02\/VISITA-OBRES-POLI-16-02-23-3-768x576.jpg 768w, https:\/\/bisbalpenedes.com\/web\/wp-content\/uploads\/2023\/02\/VISITA-OBRES-POLI-16-02-23-3-1536x1152.jpg 1536w, https:\/\/bisbalpenedes.com\/web\/wp-content\/uploads\/2023\/02\/VISITA-OBRES-POLI-16-02-23-3-2048x1536.jpg 2048w, https:\/\/bisbalpenedes.com\/web\/wp-content\/uploads\/2023\/02\/VISITA-OBRES-POLI-16-02-23-3-600x450.jpg 600w\" sizes=\"(max-width: 1024px) 100vw, 1024px\" \/><\/figure>\n\n\n\n<figure class=\"wp-block-image size-large\"><img loading=\"lazy\" width=\"1024\" height=\"768\" data-id=\"25004\"  src=\"https:\/\/bisbalpenedes.com\/web\/wp-content\/uploads\/2023\/02\/VISITA-OBRES-POLI-16-2-23-5-1024x768.jpg\" alt=\"\" class=\"wp-image-25004\" srcset=\"https:\/\/bisbalpenedes.com\/web\/wp-content\/uploads\/2023\/02\/VISITA-OBRES-POLI-16-2-23-5-1024x768.jpg 1024w, https:\/\/bisbalpenedes.com\/web\/wp-content\/uploads\/2023\/02\/VISITA-OBRES-POLI-16-2-23-5-300x225.jpg 300w, https:\/\/bisbalpenedes.com\/web\/wp-content\/uploads\/2023\/02\/VISITA-OBRES-POLI-16-2-23-5-768x576.jpg 768w, https:\/\/bisbalpenedes.com\/web\/wp-content\/uploads\/2023\/02\/VISITA-OBRES-POLI-16-2-23-5-1536x1152.jpg 1536w, https:\/\/bisbalpenedes.com\/web\/wp-content\/uploads\/2023\/02\/VISITA-OBRES-POLI-16-2-23-5-2048x1536.jpg 2048w, https:\/\/bisbalpenedes.com\/web\/wp-content\/uploads\/2023\/02\/VISITA-OBRES-POLI-16-2-23-5-600x450.jpg 600w\" sizes=\"(max-width: 1024px) 100vw, 1024px\" \/><\/figure>\n\n\n\n<figure class=\"wp-block-image size-large\"><img loading=\"lazy\" width=\"1024\" height=\"768\" data-id=\"25002\"  src=\"https:\/\/bisbalpenedes.com\/web\/wp-content\/uploads\/2023\/02\/VISITA-OBRES-POLI-23-2-23-4-1024x768.jpg\" alt=\"\" class=\"wp-image-25002\" srcset=\"https:\/\/bisbalpenedes.com\/web\/wp-content\/uploads\/2023\/02\/VISITA-OBRES-POLI-23-2-23-4-1024x768.jpg 1024w, https:\/\/bisbalpenedes.com\/web\/wp-content\/uploads\/2023\/02\/VISITA-OBRES-POLI-23-2-23-4-300x225.jpg 300w, https:\/\/bisbalpenedes.com\/web\/wp-content\/uploads\/2023\/02\/VISITA-OBRES-POLI-23-2-23-4-768x576.jpg 768w, https:\/\/bisbalpenedes.com\/web\/wp-content\/uploads\/2023\/02\/VISITA-OBRES-POLI-23-2-23-4-1536x1152.jpg 1536w, https:\/\/bisbalpenedes.com\/web\/wp-content\/uploads\/2023\/02\/VISITA-OBRES-POLI-23-2-23-4-2048x1536.jpg 2048w, https:\/\/bisbalpenedes.com\/web\/wp-content\/uploads\/2023\/02\/VISITA-OBRES-POLI-23-2-23-4-600x450.jpg 600w\" sizes=\"(max-width: 1024px) 100vw, 1024px\" \/><\/figure>\n<\/figure>\n\n\n\n<hr class=\"wp-block-separator has-alpha-channel-opacity\"\/>\n\n\n\n<p><strong>CASTELLANO |<\/strong> Este jueves 16 de febrero, la alcaldesa de la Bisbal del Pened\u00e8s, Agn\u00e8s Ferr\u00e9, y la concejala de Deportes, Leo Uceda; han visitado las obras de la fase 1 del polideportivo municipal acompa\u00f1adas por la direcci\u00f3n de obra, la empresa constructora, la interventora municipal, la arquitecta municipal y el ingeniero municipal.<\/p>\n\n\n\n<p>La fase 1 de las obras de rehabilitaci\u00f3n y ampliaci\u00f3n del polideportivo municipal avanza a buen ritmo desde que empez\u00f3 su ejecuci\u00f3n. En la actualidad, se ha ejecutado un 20% de la obra y se est\u00e1 trabajando sobre los plazos previstos. Esta fase incluye la rehabilitaci\u00f3n del pabell\u00f3n polideportivo y la construcci\u00f3n de los vestuarios del pabell\u00f3n.<\/p>\n","protected":false},"excerpt":{"rendered":"<p>Aquest dijous 16 de febrer, l\u2019alcaldessa de la Bisbal del Pened\u00e8s, Agn\u00e8s Ferr\u00e9, i la regidora d\u2019Esports, Leo Uceda; han visitat les obres de la fase 1 del poliesportiu municipal &hellip; <a href=\"https:\/\/bisbalpenedes.com\/web\/2023\/02\/17\/les-obres-de-rehabilitacio-i-ampliacio-del-poliesportiu-avancen-a-bon-ritme-des-que-van-comencar-sha-executat-el-20-de-lobra-i-sesta-treballant-sobre-els-terminis-previstos\/\" class=\"more-link\">Read More<\/a><\/p>\n","protected":false},"author":4,"featured_media":25001,"comment_status":"closed","ping_status":"closed","sticky":false,"template":"","format":"standard","meta":[],"categories":[8,15],"tags":[459,3459,393,21,483,199,5834],"_links":{"self":[{"href":"https:\/\/bisbalpenedes.com\/web\/wp-json\/wp\/v2\/posts\/25000"}],"collection":[{"href":"https:\/\/bisbalpenedes.com\/web\/wp-json\/wp\/v2\/posts"}],"about":[{"href":"https:\/\/bisbalpenedes.com\/web\/wp-json\/wp\/v2\/types\/post"}],"author":[{"embeddable":true,"href":"https:\/\/bisbalpenedes.com\/web\/wp-json\/wp\/v2\/users\/4"}],"replies":[{"embeddable":true,"href":"https:\/\/bisbalpenedes.com\/web\/wp-json\/wp\/v2\/comments?post=25000"}],"version-history":[{"count":3,"href":"https:\/\/bisbalpenedes.com\/web\/wp-json\/wp\/v2\/posts\/25000\/revisions"}],"predecessor-version":[{"id":25008,"href":"https:\/\/bisbalpenedes.com\/web\/wp-json\/wp\/v2\/posts\/25000\/revisions\/25008"}],"wp:featuredmedia":[{"embeddable":true,"href":"https:\/\/bisbalpenedes.com\/web\/wp-json\/wp\/v2\/media\/25001"}],"wp:attachment":[{"href":"https:\/\/bisbalpenedes.com\/web\/wp-json\/wp\/v2\/media?parent=25000"}],"wp:term":[{"taxonomy":"category","embeddable":true,"href":"https:\/\/bisbalpenedes.com\/web\/wp-json\/wp\/v2\/categories?post=25000"},{"taxonomy":"post_tag","embeddable":true,"href":"https:\/\/bisbalpenedes.com\/web\/wp-json\/wp\/v2\/tags?post=25000"}],"curies":[{"name":"wp","href":"https:\/\/api.w.org\/{rel}","templated":true}]}}