{"id":24997,"date":"2023-02-16T16:15:50","date_gmt":"2023-02-16T14:15:50","guid":{"rendered":"https:\/\/bisbalpenedes.com\/web\/?p=24997"},"modified":"2023-02-16T16:15:50","modified_gmt":"2023-02-16T14:15:50","slug":"sadjudica-provisionalment-el-servei-de-dinamitzacio-dactivitats-destinades-a-les-persones-grans","status":"publish","type":"post","link":"https:\/\/bisbalpenedes.com\/web\/2023\/02\/16\/sadjudica-provisionalment-el-servei-de-dinamitzacio-dactivitats-destinades-a-les-persones-grans\/","title":{"rendered":"<strong>S&#8217;adjudica provisionalment el servei de dinamitzaci\u00f3 d&#8217;activitats destinades a les persones grans<\/strong>"},"content":{"rendered":"\n<p>La Junta de govern del 13 de febrer ha adjudicat, provisionalment, el servei de dinamitzaci\u00f3 d&#8217;activitats destinades a les persones grans a la Fundaci\u00f3 Pere Tarr\u00e9s. L&#8217;objectiu d&#8217;aquesta contractaci\u00f3 \u00e9s oferir activitats destinades a les persones grans per fer m\u00e9s saludables els seus estils de vida, millorar la gesti\u00f3 de les emocions com a font de benestar emocional i creixement personal i, en conseq\u00fc\u00e8ncia, millorar la seva qualitat de vida. Aquestes activitats es duran a terme al Parc de salut del nucli i als locals socials de La Miralba, Can Gordei i el Priorat de la Bisbal.<\/p>\n\n\n\n<p>Les activitats que s&#8217;oferiran s\u00f3n les seg\u00fcents:<\/p>\n\n\n\n<p><strong>Parcs de salut:<\/strong> activitat f\u00edsica i esportiva. Es faran activitats tres matins al parc de salut del nucli, dues tardes al parc de salut de la Miralba, dues tardes al parc de salut del Priorat i dos matins al parc de salut de Can Gordei.<\/p>\n\n\n\n<p><strong>Altres activitats: <\/strong>activitats dirigides (amb monitor\/a) que seran escollides pels usuaris: inform\u00e0tica, catal\u00e0, tallers de mem\u00f2ria, jocs de taula&#8230; Aquestes, es faran tres tardes a la setmana al Rac\u00f3 de la Gent Gran del nucli, dues tardes a la setmana al local social de La Miralba, dues tardes a la setmana al local social del Priorat i dues tardes a la setmana al local social de Can Gordei.<\/p>\n\n\n\n<p>El passat mes de gener, es va aprovar el procediment negociat, sense publicitat, convidant tres empreses perqu\u00e8 presentessin les seves propostes. L&#8217;empresa Fundaci\u00f3 Pere Tarr\u00e9s va ser l&#8217;\u00fanica que va presentar proposta durant el termini establert. Una vegada valorada la proposta en la mesa de contractaci\u00f3, s&#8217;ha aprovat provisionalment aquesta contractaci\u00f3, per dos cursos, per un import de 36.899,06\u20ac (IVA incl\u00f2s)<\/p>\n\n\n\n<hr class=\"wp-block-separator has-alpha-channel-opacity\"\/>\n\n\n\n<p><strong>CASTELLANO |<\/strong> La Junta de gobierno del 13 de febrero ha adjudicado, provisionalmente, el servicio de dinamizaci\u00f3n de actividades destinadas a las personas mayores a la Fundaci\u00f3n Pere Tarr\u00e9s. El objetivo de esta contrataci\u00f3n es ofrecer actividades destinadas a las personas mayores para hacer m\u00e1s saludables sus estilos de vida, mejorar la gesti\u00f3n de las emociones como fuente de bienestar emocional y crecimiento personal y, en consecuencia, mejorar su calidad de vida. Estas actividades se llevar\u00e1n a cabo en el Parque de salud del n\u00facleo y en los locales sociales de La Miralba, Can Gordei y el Priorat de la Bisbal.<\/p>\n\n\n\n<p>Las actividades que se ofrecer\u00e1n son las siguientes:<\/p>\n\n\n\n<p><strong>Parques de salud: <\/strong>actividad f\u00edsica y deportiva. Se har\u00e1n actividades tres ma\u00f1anas en el parque de salud del n\u00facleo, dos tardes en el parque de salud de la Miralba, dos tardes en el parque de salud del Priorat y dos ma\u00f1anas en el parque de salud de Can Gordei.<\/p>\n\n\n\n<p><strong>Otras actividades:<\/strong> actividades dirigidas (con monitor\/a) que ser\u00e1n escogidas por los usuarios: inform\u00e1tica, catal\u00e1n, talleres de memoria, juegos de mesa&#8230; Estas, se har\u00e1n tres tardes a la semana en el Rac\u00f3 de la Gent Gran del n\u00facleo, dos tardes a la semana al local social de La Miralba, dos tardes a la semana al local social del Priorat y dos tardes a la semana al local social de Can Gordei.<\/p>\n\n\n\n<p>En el pasado mes de enero, se aprob\u00f3 el procedimiento negociado, sin publicidad, invitando a tres empresas para que presentaran sus propuestas. La empresa Fundaci\u00f3 Pere Tarr\u00e9s fue la \u00fanica que present\u00f3 propuesta durante el plazo establecido. Una vez valorada la propuesta en la mesa de contrataci\u00f3n, se ha aprobado provisionalmente esta contrataci\u00f3n, por dos cursos, por un importe de 36.899,06\u20ac (IVA incluido)<\/p>\n","protected":false},"excerpt":{"rendered":"<p>La Junta de govern del 13 de febrer ha adjudicat, provisionalment, el servei de dinamitzaci\u00f3 d&#8217;activitats destinades a les persones grans a la Fundaci\u00f3 Pere Tarr\u00e9s. L&#8217;objectiu d&#8217;aquesta contractaci\u00f3 \u00e9s &hellip; <a href=\"https:\/\/bisbalpenedes.com\/web\/2023\/02\/16\/sadjudica-provisionalment-el-servei-de-dinamitzacio-dactivitats-destinades-a-les-persones-grans\/\" class=\"more-link\">Read More<\/a><\/p>\n","protected":false},"author":4,"featured_media":6696,"comment_status":"closed","ping_status":"closed","sticky":false,"template":"","format":"standard","meta":[],"categories":[464,8],"tags":[169,459,198,305,393,246,790,1374,520,2115],"_links":{"self":[{"href":"https:\/\/bisbalpenedes.com\/web\/wp-json\/wp\/v2\/posts\/24997"}],"collection":[{"href":"https:\/\/bisbalpenedes.com\/web\/wp-json\/wp\/v2\/posts"}],"about":[{"href":"https:\/\/bisbalpenedes.com\/web\/wp-json\/wp\/v2\/types\/post"}],"author":[{"embeddable":true,"href":"https:\/\/bisbalpenedes.com\/web\/wp-json\/wp\/v2\/users\/4"}],"replies":[{"embeddable":true,"href":"https:\/\/bisbalpenedes.com\/web\/wp-json\/wp\/v2\/comments?post=24997"}],"version-history":[{"count":1,"href":"https:\/\/bisbalpenedes.com\/web\/wp-json\/wp\/v2\/posts\/24997\/revisions"}],"predecessor-version":[{"id":24998,"href":"https:\/\/bisbalpenedes.com\/web\/wp-json\/wp\/v2\/posts\/24997\/revisions\/24998"}],"wp:featuredmedia":[{"embeddable":true,"href":"https:\/\/bisbalpenedes.com\/web\/wp-json\/wp\/v2\/media\/6696"}],"wp:attachment":[{"href":"https:\/\/bisbalpenedes.com\/web\/wp-json\/wp\/v2\/media?parent=24997"}],"wp:term":[{"taxonomy":"category","embeddable":true,"href":"https:\/\/bisbalpenedes.com\/web\/wp-json\/wp\/v2\/categories?post=24997"},{"taxonomy":"post_tag","embeddable":true,"href":"https:\/\/bisbalpenedes.com\/web\/wp-json\/wp\/v2\/tags?post=24997"}],"curies":[{"name":"wp","href":"https:\/\/api.w.org\/{rel}","templated":true}]}}