{"id":24993,"date":"2023-02-16T15:09:43","date_gmt":"2023-02-16T13:09:43","guid":{"rendered":"https:\/\/bisbalpenedes.com\/web\/?p=24993"},"modified":"2023-02-16T16:14:34","modified_gmt":"2023-02-16T14:14:34","slug":"es-prorroguen-els-contractes-de-renting-dels-dos-vehicles-de-la-brigada-municipal-i-del-servei-dinformacio-i-inspeccio-municipal","status":"publish","type":"post","link":"https:\/\/bisbalpenedes.com\/web\/2023\/02\/16\/es-prorroguen-els-contractes-de-renting-dels-dos-vehicles-de-la-brigada-municipal-i-del-servei-dinformacio-i-inspeccio-municipal\/","title":{"rendered":"Es prorroguen els contractes de r\u00e8nting de dos vehicles: un de la brigada municipal i un altre del Servei d&#8217;Informaci\u00f3 i Inspecci\u00f3 Municipal"},"content":{"rendered":"\n<p><sub>*Imatge d&#8217;arxiu de quan es va estrenar el vehicle de la brigada.<\/sub><\/p>\n\n\n\n<p>La Junta de Govern del 13 de febrer ha aprovat la renovaci\u00f3, per un any m\u00e9s, del <em>r\u00e8nting<\/em> de dos vehicles municipals. Concretament, una furgoneta Nissan -que utilitza la brigada municipal- per la qual es paguen 426,82\u20ac mensuals, i un vehicle Dacia Duster -que fa servir el Servei d&#8217;Informaci\u00f3 i Inspecci\u00f3 Municipal- i que t\u00e9 un cost mensual de 279,08\u20ac.<\/p>\n\n\n\n<p>L&#8217;octubre de 2018 es van aprovar aquests dos <em>r\u00e8ntings <\/em>mitjan\u00e7ant la central de compres de l&#8217;Associaci\u00f3 Catalana de Municipis (ACM). Com que l&#8217;abril de 2023 finalitza el contracte de r\u00e8nting, la Junta de Govern del 13 de febrer ha aprovat la pr\u00f2rroga per una anualitat m\u00e9s.<\/p>\n\n\n\n<figure class=\"wp-block-image size-large\"><img loading=\"lazy\" width=\"1024\" height=\"768\" src=\"https:\/\/bisbalpenedes.com\/web\/wp-content\/uploads\/2019\/02\/DACIA-DUSTER-AJUNTAMENT-1024x768.jpg\" alt=\"\" class=\"wp-image-8899\" srcset=\"https:\/\/bisbalpenedes.com\/web\/wp-content\/uploads\/2019\/02\/DACIA-DUSTER-AJUNTAMENT-1024x768.jpg 1024w, https:\/\/bisbalpenedes.com\/web\/wp-content\/uploads\/2019\/02\/DACIA-DUSTER-AJUNTAMENT-600x450.jpg 600w, https:\/\/bisbalpenedes.com\/web\/wp-content\/uploads\/2019\/02\/DACIA-DUSTER-AJUNTAMENT-300x225.jpg 300w, https:\/\/bisbalpenedes.com\/web\/wp-content\/uploads\/2019\/02\/DACIA-DUSTER-AJUNTAMENT-768x576.jpg 768w\" sizes=\"(max-width: 1024px) 100vw, 1024px\" \/><figcaption><sub>*Imatge d&#8217;arxiu de quan es va estrenar el vehicle del Servei d&#8217;Informaci\u00f3 i Inspecci\u00f3 Municipal<\/sub><\/figcaption><\/figure>\n\n\n\n<hr class=\"wp-block-separator has-alpha-channel-opacity\"\/>\n\n\n\n<p><strong>CASTELLANO |<\/strong> La Junta de Gobierno del 13 de febrero ha aprobado la renovaci\u00f3n, por un a\u00f1o m\u00e1s, del renting de dos veh\u00edculos municipales. Concretamente, una furgoneta Nissan -que utiliza la brigada municipal- por la que se pagan 426,82\u20ac mensuales, y un veh\u00edculo Dacia Duster -que utiliza el Servicio de Informaci\u00f3n e Inspecci\u00f3n Municipal- y que tiene un coste mensual de 279,08\u20ac.<\/p>\n\n\n\n<p>En octubre de 2018 se aprobaron estos dos <em>rentings<\/em> mediante la central de compras de la Associaci\u00f3 Catalana de Municipis (ACM). Teniendo en cuenta que en abril del 2023 finaliza el contrato de renting, la Junta de Gobierno del 13 de febrero ha aprobado la pr\u00f3rroga por una anualidad m\u00e1s.<\/p>\n","protected":false},"excerpt":{"rendered":"<p>*Imatge d&#8217;arxiu de quan es va estrenar el vehicle de la brigada. La Junta de Govern del 13 de febrer ha aprovat la renovaci\u00f3, per un any m\u00e9s, del r\u00e8nting &hellip; <a href=\"https:\/\/bisbalpenedes.com\/web\/2023\/02\/16\/es-prorroguen-els-contractes-de-renting-dels-dos-vehicles-de-la-brigada-municipal-i-del-servei-dinformacio-i-inspeccio-municipal\/\" class=\"more-link\">Read More<\/a><\/p>\n","protected":false},"author":4,"featured_media":9027,"comment_status":"closed","ping_status":"closed","sticky":false,"template":"","format":"standard","meta":[],"categories":[2402,8],"tags":[459,686,393,1374,1170,2341],"_links":{"self":[{"href":"https:\/\/bisbalpenedes.com\/web\/wp-json\/wp\/v2\/posts\/24993"}],"collection":[{"href":"https:\/\/bisbalpenedes.com\/web\/wp-json\/wp\/v2\/posts"}],"about":[{"href":"https:\/\/bisbalpenedes.com\/web\/wp-json\/wp\/v2\/types\/post"}],"author":[{"embeddable":true,"href":"https:\/\/bisbalpenedes.com\/web\/wp-json\/wp\/v2\/users\/4"}],"replies":[{"embeddable":true,"href":"https:\/\/bisbalpenedes.com\/web\/wp-json\/wp\/v2\/comments?post=24993"}],"version-history":[{"count":3,"href":"https:\/\/bisbalpenedes.com\/web\/wp-json\/wp\/v2\/posts\/24993\/revisions"}],"predecessor-version":[{"id":24996,"href":"https:\/\/bisbalpenedes.com\/web\/wp-json\/wp\/v2\/posts\/24993\/revisions\/24996"}],"wp:featuredmedia":[{"embeddable":true,"href":"https:\/\/bisbalpenedes.com\/web\/wp-json\/wp\/v2\/media\/9027"}],"wp:attachment":[{"href":"https:\/\/bisbalpenedes.com\/web\/wp-json\/wp\/v2\/media?parent=24993"}],"wp:term":[{"taxonomy":"category","embeddable":true,"href":"https:\/\/bisbalpenedes.com\/web\/wp-json\/wp\/v2\/categories?post=24993"},{"taxonomy":"post_tag","embeddable":true,"href":"https:\/\/bisbalpenedes.com\/web\/wp-json\/wp\/v2\/tags?post=24993"}],"curies":[{"name":"wp","href":"https:\/\/api.w.org\/{rel}","templated":true}]}}