{"id":24985,"date":"2023-02-16T14:37:42","date_gmt":"2023-02-16T12:37:42","guid":{"rendered":"https:\/\/bisbalpenedes.com\/web\/?p=24985"},"modified":"2023-02-16T14:37:42","modified_gmt":"2023-02-16T12:37:42","slug":"pressupost-participatiu-finalitzen-els-treballs-darranjament-i-formigonat-de-la-cruilla-entre-els-carrers-segria-i-garrigues-de-la-pineda-de-santa-cristina","status":"publish","type":"post","link":"https:\/\/bisbalpenedes.com\/web\/2023\/02\/16\/pressupost-participatiu-finalitzen-els-treballs-darranjament-i-formigonat-de-la-cruilla-entre-els-carrers-segria-i-garrigues-de-la-pineda-de-santa-cristina\/","title":{"rendered":"Pressupost Participatiu: Finalitzen els treballs d&#8217;arranjament i formigonat de la cru\u00eflla entre els carrers Segri\u00e0 i Garrigues de la Pineda de Santa Cristina"},"content":{"rendered":"\n<p>La setmana passada van finalitzar els treballs d\u2019arranjament i formigonat de la cru\u00eflla entre els carrers Segri\u00e0 i Garrigues de la Pineda de Santa Cristina. Aquesta va ser la proposta m\u00e9s votada pels ve\u00efns del barri als darrers pressupostos participatius i les intervencions les ha dut a terme l\u2019empresa Vega Construcciones y Obras S.A. per un import de 13.476,37\u20ac (IVA incl\u00f2s). Les obres han consistit en la preparaci\u00f3 del terreny, l\u2019estesa de formig\u00f3 amb mallat i l\u2019acabat amb planxa vibradora.&nbsp;<\/p>\n\n\n\n<p>El tram arranjat est\u00e0 situat en una zona que t\u00e9 for\u00e7a tr\u00e0nsit de vehicles, ja que molts entren o surten de la urbanitzaci\u00f3 per l\u2019acc\u00e9s que es va asfaltar l\u2019any 2018 i que enlla\u00e7a amb el carrer Vall d\u2019Aran.\u00a0<\/p>\n\n\n\n<figure class=\"wp-container-2 wp-block-gallery-1 wp-block-gallery has-nested-images columns-default is-cropped\">\n<figure class=\"wp-block-image size-large\"><img loading=\"lazy\" width=\"1024\" height=\"768\" data-id=\"24986\"  src=\"https:\/\/bisbalpenedes.com\/web\/wp-content\/uploads\/2023\/02\/OBRES-CAMIONS-1024x768.jpeg\" alt=\"\" class=\"wp-image-24986\" srcset=\"https:\/\/bisbalpenedes.com\/web\/wp-content\/uploads\/2023\/02\/OBRES-CAMIONS-1024x768.jpeg 1024w, https:\/\/bisbalpenedes.com\/web\/wp-content\/uploads\/2023\/02\/OBRES-CAMIONS-300x225.jpeg 300w, https:\/\/bisbalpenedes.com\/web\/wp-content\/uploads\/2023\/02\/OBRES-CAMIONS-768x576.jpeg 768w, https:\/\/bisbalpenedes.com\/web\/wp-content\/uploads\/2023\/02\/OBRES-CAMIONS-1536x1152.jpeg 1536w, https:\/\/bisbalpenedes.com\/web\/wp-content\/uploads\/2023\/02\/OBRES-CAMIONS-600x450.jpeg 600w, https:\/\/bisbalpenedes.com\/web\/wp-content\/uploads\/2023\/02\/OBRES-CAMIONS.jpeg 2048w\" sizes=\"(max-width: 1024px) 100vw, 1024px\" \/><\/figure>\n\n\n\n<figure class=\"wp-block-image size-large\"><img loading=\"lazy\" width=\"1024\" height=\"768\" data-id=\"24987\"  src=\"https:\/\/bisbalpenedes.com\/web\/wp-content\/uploads\/2023\/02\/SEGRIA-DES-DE-DALT-1024x768.jpeg\" alt=\"\" class=\"wp-image-24987\" srcset=\"https:\/\/bisbalpenedes.com\/web\/wp-content\/uploads\/2023\/02\/SEGRIA-DES-DE-DALT-1024x768.jpeg 1024w, https:\/\/bisbalpenedes.com\/web\/wp-content\/uploads\/2023\/02\/SEGRIA-DES-DE-DALT-300x225.jpeg 300w, https:\/\/bisbalpenedes.com\/web\/wp-content\/uploads\/2023\/02\/SEGRIA-DES-DE-DALT-768x576.jpeg 768w, https:\/\/bisbalpenedes.com\/web\/wp-content\/uploads\/2023\/02\/SEGRIA-DES-DE-DALT-1536x1152.jpeg 1536w, https:\/\/bisbalpenedes.com\/web\/wp-content\/uploads\/2023\/02\/SEGRIA-DES-DE-DALT-600x450.jpeg 600w, https:\/\/bisbalpenedes.com\/web\/wp-content\/uploads\/2023\/02\/SEGRIA-DES-DE-DALT.jpeg 2048w\" sizes=\"(max-width: 1024px) 100vw, 1024px\" \/><\/figure>\n\n\n\n<figure class=\"wp-block-image size-large\"><img loading=\"lazy\" width=\"1024\" height=\"768\" data-id=\"24988\"  src=\"https:\/\/bisbalpenedes.com\/web\/wp-content\/uploads\/2023\/02\/GARRIGUES-DES-DE-DALT-1024x768.jpeg\" alt=\"\" class=\"wp-image-24988\" srcset=\"https:\/\/bisbalpenedes.com\/web\/wp-content\/uploads\/2023\/02\/GARRIGUES-DES-DE-DALT-1024x768.jpeg 1024w, https:\/\/bisbalpenedes.com\/web\/wp-content\/uploads\/2023\/02\/GARRIGUES-DES-DE-DALT-300x225.jpeg 300w, https:\/\/bisbalpenedes.com\/web\/wp-content\/uploads\/2023\/02\/GARRIGUES-DES-DE-DALT-768x576.jpeg 768w, https:\/\/bisbalpenedes.com\/web\/wp-content\/uploads\/2023\/02\/GARRIGUES-DES-DE-DALT-1536x1152.jpeg 1536w, https:\/\/bisbalpenedes.com\/web\/wp-content\/uploads\/2023\/02\/GARRIGUES-DES-DE-DALT-600x450.jpeg 600w, https:\/\/bisbalpenedes.com\/web\/wp-content\/uploads\/2023\/02\/GARRIGUES-DES-DE-DALT.jpeg 2048w\" sizes=\"(max-width: 1024px) 100vw, 1024px\" \/><\/figure>\n<\/figure>\n\n\n\n<figure class=\"wp-container-4 wp-block-gallery-3 wp-block-gallery has-nested-images columns-default is-cropped\">\n<figure class=\"wp-block-image size-large\"><img loading=\"lazy\" width=\"1024\" height=\"768\" data-id=\"24989\"  src=\"https:\/\/bisbalpenedes.com\/web\/wp-content\/uploads\/2023\/02\/DES-DE-CONTENIDORS-SENSE-CAMIONS-1024x768.jpeg\" alt=\"\" class=\"wp-image-24989\" srcset=\"https:\/\/bisbalpenedes.com\/web\/wp-content\/uploads\/2023\/02\/DES-DE-CONTENIDORS-SENSE-CAMIONS-1024x768.jpeg 1024w, https:\/\/bisbalpenedes.com\/web\/wp-content\/uploads\/2023\/02\/DES-DE-CONTENIDORS-SENSE-CAMIONS-300x225.jpeg 300w, https:\/\/bisbalpenedes.com\/web\/wp-content\/uploads\/2023\/02\/DES-DE-CONTENIDORS-SENSE-CAMIONS-768x576.jpeg 768w, https:\/\/bisbalpenedes.com\/web\/wp-content\/uploads\/2023\/02\/DES-DE-CONTENIDORS-SENSE-CAMIONS-1536x1152.jpeg 1536w, https:\/\/bisbalpenedes.com\/web\/wp-content\/uploads\/2023\/02\/DES-DE-CONTENIDORS-SENSE-CAMIONS-600x450.jpeg 600w, https:\/\/bisbalpenedes.com\/web\/wp-content\/uploads\/2023\/02\/DES-DE-CONTENIDORS-SENSE-CAMIONS.jpeg 2048w\" sizes=\"(max-width: 1024px) 100vw, 1024px\" \/><\/figure>\n\n\n\n<figure class=\"wp-block-image size-large\"><img loading=\"lazy\" width=\"1024\" height=\"768\" data-id=\"24990\"  src=\"https:\/\/bisbalpenedes.com\/web\/wp-content\/uploads\/2023\/02\/SEGRIA-DES-DE-DALT-ARREGLAT-1024x768.jpeg\" alt=\"\" class=\"wp-image-24990\" srcset=\"https:\/\/bisbalpenedes.com\/web\/wp-content\/uploads\/2023\/02\/SEGRIA-DES-DE-DALT-ARREGLAT-1024x768.jpeg 1024w, https:\/\/bisbalpenedes.com\/web\/wp-content\/uploads\/2023\/02\/SEGRIA-DES-DE-DALT-ARREGLAT-300x225.jpeg 300w, https:\/\/bisbalpenedes.com\/web\/wp-content\/uploads\/2023\/02\/SEGRIA-DES-DE-DALT-ARREGLAT-768x576.jpeg 768w, https:\/\/bisbalpenedes.com\/web\/wp-content\/uploads\/2023\/02\/SEGRIA-DES-DE-DALT-ARREGLAT-1536x1152.jpeg 1536w, https:\/\/bisbalpenedes.com\/web\/wp-content\/uploads\/2023\/02\/SEGRIA-DES-DE-DALT-ARREGLAT-600x450.jpeg 600w, https:\/\/bisbalpenedes.com\/web\/wp-content\/uploads\/2023\/02\/SEGRIA-DES-DE-DALT-ARREGLAT.jpeg 2048w\" sizes=\"(max-width: 1024px) 100vw, 1024px\" \/><\/figure>\n\n\n\n<figure class=\"wp-block-image size-large\"><img loading=\"lazy\" width=\"1024\" height=\"768\" data-id=\"24991\"  src=\"https:\/\/bisbalpenedes.com\/web\/wp-content\/uploads\/2023\/02\/DES-DE-GARRIGUES-ARREGLAT-1024x768.jpeg\" alt=\"\" class=\"wp-image-24991\" srcset=\"https:\/\/bisbalpenedes.com\/web\/wp-content\/uploads\/2023\/02\/DES-DE-GARRIGUES-ARREGLAT-1024x768.jpeg 1024w, https:\/\/bisbalpenedes.com\/web\/wp-content\/uploads\/2023\/02\/DES-DE-GARRIGUES-ARREGLAT-300x225.jpeg 300w, https:\/\/bisbalpenedes.com\/web\/wp-content\/uploads\/2023\/02\/DES-DE-GARRIGUES-ARREGLAT-768x576.jpeg 768w, https:\/\/bisbalpenedes.com\/web\/wp-content\/uploads\/2023\/02\/DES-DE-GARRIGUES-ARREGLAT-1536x1152.jpeg 1536w, https:\/\/bisbalpenedes.com\/web\/wp-content\/uploads\/2023\/02\/DES-DE-GARRIGUES-ARREGLAT-600x450.jpeg 600w, https:\/\/bisbalpenedes.com\/web\/wp-content\/uploads\/2023\/02\/DES-DE-GARRIGUES-ARREGLAT.jpeg 2048w\" sizes=\"(max-width: 1024px) 100vw, 1024px\" \/><\/figure>\n<\/figure>\n\n\n\n<hr class=\"wp-block-separator has-alpha-channel-opacity\"\/>\n\n\n\n<p><strong>CASTELLANO | <\/strong>La semana pasada finalizaron los trabajos de arreglo y hormigonado del cruce entre las calles Segri\u00e0 y Garrigues de la Pineda de Santa Cristina. Esta fue la propuesta m\u00e1s votada por los vecinos del barrio en los \u00faltimos presupuestos participativos y las intervenciones las ha llevado a cabo la empresa Vega Construcciones y Obras S.A. por un importe de 13.476,37\u20ac (IVA incluido). Las obras han consistido en la preparaci\u00f3n del terreno, el tendido de hormig\u00f3n con\u00a0<em>mallazo<\/em>\u00a0y el acabado con plancha vibradora.\u00a0<\/p>\n\n\n\n<p>El tramo arreglado est\u00e1 situado en una zona que tiene mucho tr\u00e1fico de veh\u00edculos, ya que muchos entran o salen de la urbanizaci\u00f3n por el acceso que se asfalt\u00f3 en el a\u00f1o 2018 y que enlaza con la calle Vall d\u2019Aran.<\/p>\n","protected":false},"excerpt":{"rendered":"<p>La setmana passada van finalitzar els treballs d\u2019arranjament i formigonat de la cru\u00eflla entre els carrers Segri\u00e0 i Garrigues de la Pineda de Santa Cristina. Aquesta va ser la proposta &hellip; <a href=\"https:\/\/bisbalpenedes.com\/web\/2023\/02\/16\/pressupost-participatiu-finalitzen-els-treballs-darranjament-i-formigonat-de-la-cruilla-entre-els-carrers-segria-i-garrigues-de-la-pineda-de-santa-cristina\/\" class=\"more-link\">Read More<\/a><\/p>\n","protected":false},"author":4,"featured_media":24989,"comment_status":"closed","ping_status":"closed","sticky":false,"template":"","format":"standard","meta":[],"categories":[4287,3835,8],"tags":[531,459,196,5831,5832,393,4148,1374,980,623,1846],"_links":{"self":[{"href":"https:\/\/bisbalpenedes.com\/web\/wp-json\/wp\/v2\/posts\/24985"}],"collection":[{"href":"https:\/\/bisbalpenedes.com\/web\/wp-json\/wp\/v2\/posts"}],"about":[{"href":"https:\/\/bisbalpenedes.com\/web\/wp-json\/wp\/v2\/types\/post"}],"author":[{"embeddable":true,"href":"https:\/\/bisbalpenedes.com\/web\/wp-json\/wp\/v2\/users\/4"}],"replies":[{"embeddable":true,"href":"https:\/\/bisbalpenedes.com\/web\/wp-json\/wp\/v2\/comments?post=24985"}],"version-history":[{"count":1,"href":"https:\/\/bisbalpenedes.com\/web\/wp-json\/wp\/v2\/posts\/24985\/revisions"}],"predecessor-version":[{"id":24992,"href":"https:\/\/bisbalpenedes.com\/web\/wp-json\/wp\/v2\/posts\/24985\/revisions\/24992"}],"wp:featuredmedia":[{"embeddable":true,"href":"https:\/\/bisbalpenedes.com\/web\/wp-json\/wp\/v2\/media\/24989"}],"wp:attachment":[{"href":"https:\/\/bisbalpenedes.com\/web\/wp-json\/wp\/v2\/media?parent=24985"}],"wp:term":[{"taxonomy":"category","embeddable":true,"href":"https:\/\/bisbalpenedes.com\/web\/wp-json\/wp\/v2\/categories?post=24985"},{"taxonomy":"post_tag","embeddable":true,"href":"https:\/\/bisbalpenedes.com\/web\/wp-json\/wp\/v2\/tags?post=24985"}],"curies":[{"name":"wp","href":"https:\/\/api.w.org\/{rel}","templated":true}]}}