{"id":2497,"date":"2017-05-29T12:15:08","date_gmt":"2017-05-29T06:15:08","guid":{"rendered":"http:\/\/bisbalpenedes.com\/web\/?p=2497"},"modified":"2017-05-29T12:15:08","modified_gmt":"2017-05-29T06:15:08","slug":"els-dies-3-i-10-de-juny-podeu-vacunar-els-vostres-gossos-contra-la-rabia-en-diversos-punts-del-municipi","status":"publish","type":"post","link":"https:\/\/bisbalpenedes.com\/web\/2017\/05\/29\/els-dies-3-i-10-de-juny-podeu-vacunar-els-vostres-gossos-contra-la-rabia-en-diversos-punts-del-municipi\/","title":{"rendered":"Els dies 3 i 10 de juny podeu vacunar els vostres gossos contra la r\u00e0bia en diversos punts del municipi"},"content":{"rendered":"<p><a href=\"http:\/\/bisbalpenedes.com\/web\/wp-content\/uploads\/2017\/05\/FOTO-COLOMETA.jpg\"><img loading=\"lazy\" class=\"aligncenter size-medium wp-image-2498\" title=\"IMATGE GOS BLANC I NEGRE\" src=\"http:\/\/bisbalpenedes.com\/web\/wp-content\/uploads\/2017\/05\/FOTO-COLOMETA-300x225.jpg\" alt=\"\" width=\"300\" height=\"225\" srcset=\"https:\/\/bisbalpenedes.com\/web\/wp-content\/uploads\/2017\/05\/FOTO-COLOMETA-300x225.jpg 300w, https:\/\/bisbalpenedes.com\/web\/wp-content\/uploads\/2017\/05\/FOTO-COLOMETA-600x450.jpg 600w, https:\/\/bisbalpenedes.com\/web\/wp-content\/uploads\/2017\/05\/FOTO-COLOMETA-1024x768.jpg 1024w\" sizes=\"(max-width: 300px) 100vw, 300px\" \/><\/a><\/p>\n<p>L&#8217;Ajuntament de La Bisbal del Pened\u00e8s informa que s&#8217;efectuar\u00e0 una campanya de vacunaci\u00f3 antir\u00e0bica de gossos els dissabtes que s&#8217;indiquen a continuaci\u00f3, en els llocs que s&#8217;especifiquen:<\/p>\n<p style=\"padding-left: 30px;\">3 de juny de 2017-La Bisbal del Pened\u00e8s (nucli). Pla\u00e7a Pau Casals, de 9.00 a 9.30h.<\/p>\n<p style=\"padding-left: 30px;\">3 de juny de 2017-Priorat de la Bisbal. Local social, de 9.45 a 10.15h<\/p>\n<p style=\"padding-left: 30px;\">10 de juny de 2017-Can Gordei. Local, avda. Can Gordei, de 10.00 a 10.30h<\/p>\n<p style=\"padding-left: 30px;\">10 de juny de 2017-Esplai del Pened\u00e8s. Local, av. Esplai, de 10.30h a 11.00h.<\/p>\n<p style=\"padding-left: 30px;\">10 de juny de 2017-La Masieta. Local Masia, d&#8217;11.00 a 11.30h.<\/p>\n<p>La vacunaci\u00f3 anir\u00e0 a c\u00e0rrec d&#8217;un veterinari del Col\u00b7legi Oficial de Veterinaris de Tarragona, que cobrar\u00e0 les taxes pertinents als propietaris dels gossos. Si es sol\u00b7licita, tamb\u00e9 s posaran xips. Caldr\u00e0 portar la cartilla de vacunacions, si se&#8217;n disposa.<\/p>\n","protected":false},"excerpt":{"rendered":"<p>L&#8217;Ajuntament de La Bisbal del Pened\u00e8s informa que s&#8217;efectuar\u00e0 una campanya de vacunaci\u00f3 antir\u00e0bica de gossos els dissabtes que s&#8217;indiquen a continuaci\u00f3, en els llocs que s&#8217;especifiquen: 3 de juny &hellip; <a href=\"https:\/\/bisbalpenedes.com\/web\/2017\/05\/29\/els-dies-3-i-10-de-juny-podeu-vacunar-els-vostres-gossos-contra-la-rabia-en-diversos-punts-del-municipi\/\" class=\"more-link\">Read More<\/a><\/p>\n","protected":false},"author":4,"featured_media":2498,"comment_status":"closed","ping_status":"closed","sticky":false,"template":"","format":"standard","meta":[],"categories":[4,14],"tags":[433,438,435,432,434,431,436,437],"_links":{"self":[{"href":"https:\/\/bisbalpenedes.com\/web\/wp-json\/wp\/v2\/posts\/2497"}],"collection":[{"href":"https:\/\/bisbalpenedes.com\/web\/wp-json\/wp\/v2\/posts"}],"about":[{"href":"https:\/\/bisbalpenedes.com\/web\/wp-json\/wp\/v2\/types\/post"}],"author":[{"embeddable":true,"href":"https:\/\/bisbalpenedes.com\/web\/wp-json\/wp\/v2\/users\/4"}],"replies":[{"embeddable":true,"href":"https:\/\/bisbalpenedes.com\/web\/wp-json\/wp\/v2\/comments?post=2497"}],"version-history":[{"count":2,"href":"https:\/\/bisbalpenedes.com\/web\/wp-json\/wp\/v2\/posts\/2497\/revisions"}],"predecessor-version":[{"id":2500,"href":"https:\/\/bisbalpenedes.com\/web\/wp-json\/wp\/v2\/posts\/2497\/revisions\/2500"}],"wp:featuredmedia":[{"embeddable":true,"href":"https:\/\/bisbalpenedes.com\/web\/wp-json\/wp\/v2\/media\/2498"}],"wp:attachment":[{"href":"https:\/\/bisbalpenedes.com\/web\/wp-json\/wp\/v2\/media?parent=2497"}],"wp:term":[{"taxonomy":"category","embeddable":true,"href":"https:\/\/bisbalpenedes.com\/web\/wp-json\/wp\/v2\/categories?post=2497"},{"taxonomy":"post_tag","embeddable":true,"href":"https:\/\/bisbalpenedes.com\/web\/wp-json\/wp\/v2\/tags?post=2497"}],"curies":[{"name":"wp","href":"https:\/\/api.w.org\/{rel}","templated":true}]}}