{"id":24956,"date":"2023-02-15T18:46:42","date_gmt":"2023-02-15T16:46:42","guid":{"rendered":"https:\/\/bisbalpenedes.com\/web\/?p=24956"},"modified":"2023-02-15T18:46:42","modified_gmt":"2023-02-15T16:46:42","slug":"es-publica-la-relacio-provisional-dadmesos-i-exclosos-en-el-proces-selectiu-d1-placa-denginyer-a-tecnic-a-per-concurs-oposicio","status":"publish","type":"post","link":"https:\/\/bisbalpenedes.com\/web\/2023\/02\/15\/es-publica-la-relacio-provisional-dadmesos-i-exclosos-en-el-proces-selectiu-d1-placa-denginyer-a-tecnic-a-per-concurs-oposicio\/","title":{"rendered":"<strong>Es publica la relaci\u00f3 provisional d\u2019admesos i exclosos en el proc\u00e9s selectiu d\u20191 pla\u00e7a d\u2019enginyer\/a t\u00e8cnic\/a, per concurs oposici\u00f3<\/strong>"},"content":{"rendered":"\n<p>L\u2019Ajuntament de la Bisbal del Pened\u00e8s informa que s\u2019han presentat&nbsp;&nbsp;&nbsp;&nbsp;&nbsp;&nbsp; 2 persones al proc\u00e9s selectiu d\u20191 pla\u00e7a de d\u2019enginyer\/a t\u00e8cnic\/a, en r\u00e8gim funcionari\/\u00e0ria, per concurs oposici\u00f3, i les 2 persones han quedat excloses provisionalment per no presentar la documentaci\u00f3 necess\u00e0ria per avaluar els requisits i m\u00e8rits de les places.<\/p>\n\n\n\n<p>Podeu consultar aqu\u00ed la relaci\u00f3 provisional d&#8217;aspirants admesos i exclosos (que es va signar mitjan\u00e7ant Decret d&#8217;alcaldia el 30 de gener passat), ja que avui 15 de febrer ha sortit publicada al BOPT:<\/p>\n\n\n\n<p><a href=\"https:\/\/www.diputaciodetarragona.cat\/ebop\/index.php?op=dwn&amp;tipus=i&amp;data=20230215&amp;anyp=2023&amp;num=00953&amp;v=i\">https:\/\/www.diputaciodetarragona.cat\/ebop\/index.php?op=dwn&amp;tipus=i&amp;data=20230215&amp;anyp=2023&amp;num=00953&amp;v=i<\/a><\/p>\n\n\n\n<p>Els candidats compten amb deu dies h\u00e0bils des de l\u2019endem\u00e0 de la publicaci\u00f3 al BOPT per formular reclamacions i\/o esmenar defectes que hagin motivat l\u2019exclusi\u00f3. Per tant, el termini \u00e9s del dijous 16 de febrer al dimecres 1 de mar\u00e7 de 2023.<\/p>\n\n\n\n<hr class=\"wp-block-separator has-alpha-channel-opacity\"\/>\n\n\n\n<p><strong>CASTELLANO |<\/strong> El Ayuntamiento de la Bisbal del Pened\u00e8s informa de que se han presentado 2 personas al proceso selectivo de 1 plaza de ingeniero\/a t\u00e9cnico\/a, en r\u00e9gimen de funcionario\/a, por concurso oposici\u00f3n, y las 2 personas han quedado excluidas provisionalmente por no presentar la documentaci\u00f3n necesaria para evaluar los requisitos y m\u00e9ritos de las plazas.<\/p>\n\n\n\n<p>Pod\u00e9is consultar aqu\u00ed la relaci\u00f3n provisional de aspirantes admitidos y excluidos (que se firm\u00f3 mediante Decreto de alcald\u00eda el 30 de enero pasado), ya que hoy 15 de febrero ha salido publicada en el BOPT:<\/p>\n\n\n\n<p><a href=\"https:\/\/www.diputaciodetarragona.cat\/ebop\/index.php?op=dwn&amp;tipus=i&amp;data=20230215&amp;anyp=2023&amp;num=00953&amp;v=i\">https:\/\/www.diputaciodetarragona.cat\/ebop\/index.php?op=dwn&amp;tipus=i&amp;data=20230215&amp;anyp=2023&amp;num=00953&amp;v=i<\/a><\/p>\n\n\n\n<p>Los candidatos cuentan con diez d\u00edas h\u00e1biles desde el d\u00eda siguiente de la publicaci\u00f3n en el BOPT para formular reclamaciones y\/o enmendar defectos que hayan motivado la exclusi\u00f3n. Por tanto, el plazo es del jueves 16 de febrero al mi\u00e9rcoles 1 de marzo de 2023.<\/p>\n","protected":false},"excerpt":{"rendered":"<p>L\u2019Ajuntament de la Bisbal del Pened\u00e8s informa que s\u2019han presentat&nbsp;&nbsp;&nbsp;&nbsp;&nbsp;&nbsp; 2 persones al proc\u00e9s selectiu d\u20191 pla\u00e7a de d\u2019enginyer\/a t\u00e8cnic\/a, en r\u00e8gim funcionari\/\u00e0ria, per concurs oposici\u00f3, i les 2 persones &hellip; <a href=\"https:\/\/bisbalpenedes.com\/web\/2023\/02\/15\/es-publica-la-relacio-provisional-dadmesos-i-exclosos-en-el-proces-selectiu-d1-placa-denginyer-a-tecnic-a-per-concurs-oposicio\/\" class=\"more-link\">Read More<\/a><\/p>\n","protected":false},"author":4,"featured_media":24957,"comment_status":"closed","ping_status":"closed","sticky":false,"template":"","format":"standard","meta":[],"categories":[2402,8],"tags":[5530,5826,5827,393],"_links":{"self":[{"href":"https:\/\/bisbalpenedes.com\/web\/wp-json\/wp\/v2\/posts\/24956"}],"collection":[{"href":"https:\/\/bisbalpenedes.com\/web\/wp-json\/wp\/v2\/posts"}],"about":[{"href":"https:\/\/bisbalpenedes.com\/web\/wp-json\/wp\/v2\/types\/post"}],"author":[{"embeddable":true,"href":"https:\/\/bisbalpenedes.com\/web\/wp-json\/wp\/v2\/users\/4"}],"replies":[{"embeddable":true,"href":"https:\/\/bisbalpenedes.com\/web\/wp-json\/wp\/v2\/comments?post=24956"}],"version-history":[{"count":1,"href":"https:\/\/bisbalpenedes.com\/web\/wp-json\/wp\/v2\/posts\/24956\/revisions"}],"predecessor-version":[{"id":24958,"href":"https:\/\/bisbalpenedes.com\/web\/wp-json\/wp\/v2\/posts\/24956\/revisions\/24958"}],"wp:featuredmedia":[{"embeddable":true,"href":"https:\/\/bisbalpenedes.com\/web\/wp-json\/wp\/v2\/media\/24957"}],"wp:attachment":[{"href":"https:\/\/bisbalpenedes.com\/web\/wp-json\/wp\/v2\/media?parent=24956"}],"wp:term":[{"taxonomy":"category","embeddable":true,"href":"https:\/\/bisbalpenedes.com\/web\/wp-json\/wp\/v2\/categories?post=24956"},{"taxonomy":"post_tag","embeddable":true,"href":"https:\/\/bisbalpenedes.com\/web\/wp-json\/wp\/v2\/tags?post=24956"}],"curies":[{"name":"wp","href":"https:\/\/api.w.org\/{rel}","templated":true}]}}