{"id":24950,"date":"2023-02-15T12:25:00","date_gmt":"2023-02-15T10:25:00","guid":{"rendered":"https:\/\/bisbalpenedes.com\/web\/?p=24950"},"modified":"2023-02-15T12:25:00","modified_gmt":"2023-02-15T10:25:00","slug":"el-servei-de-bar-de-la-miralba-tornara-a-obrir-el-dia-1-de-marc","status":"publish","type":"post","link":"https:\/\/bisbalpenedes.com\/web\/2023\/02\/15\/el-servei-de-bar-de-la-miralba-tornara-a-obrir-el-dia-1-de-marc\/","title":{"rendered":"<strong>El servei de bar de la Miralba tornar\u00e0 a obrir el dia 1 de mar\u00e7<\/strong>"},"content":{"rendered":"\n<pre class=\"wp-block-verse\" id=\"block-e45b5049-7b55-416f-a3c7-b1086e233e05\"><em>A la fotografia, d'esquerra a dreta: Isidro Gallardo, president de l'Associaci\u00f3 de Ve\u00efns de la Miralba; Agn\u00e8s Ferr\u00e9, alcaldessa de la Bisbal del Pened\u00e8s; Paqui Cepas, regidora de l'equip de govern; Jonathan Valenzuela, el nou encarregat de portar el servei de bar.<\/em><\/pre>\n\n\n\n<p>La Junta de Govern del dilluns 13 de gener va adjudicar definitivament el servei de bar -sense cuina- del local social de la Miralba a Jonathan Valenzuela. Aquest dimarts 14 de febrer s\u2019ha signat el contracte i, el mateix dimarts, l\u2019alcaldessa Agn\u00e8s Ferr\u00e9 ha presentat el nou encarregat de portar el servei de bar als membres de la junta de l\u2019Associaci\u00f3 de ve\u00efns de la Miralba.<\/p>\n\n\n\n<p>El bar del local social de la Miralba tornar\u00e0 a obrir les seves portes el dia 1 de mar\u00e7 i oferir\u00e0 esmorzars, brioixeria, entrepans freds i calents, tapes, aperitius i begudes. L\u2019horari del servei ser\u00e0 el seg\u00fcent:<\/p>\n\n\n\n<ul><li>De dilluns a diumenge, de 8h a 21:30h.<\/li><li>Dijous: tancat per descans setmanal.<\/li><\/ul>\n\n\n\n<figure class=\"wp-block-image size-large\"><img loading=\"lazy\" width=\"1024\" height=\"461\" src=\"https:\/\/bisbalpenedes.com\/web\/wp-content\/uploads\/2023\/02\/IMG_3932-3-1024x461.jpg\" alt=\"\" class=\"wp-image-24952\" srcset=\"https:\/\/bisbalpenedes.com\/web\/wp-content\/uploads\/2023\/02\/IMG_3932-3-1024x461.jpg 1024w, https:\/\/bisbalpenedes.com\/web\/wp-content\/uploads\/2023\/02\/IMG_3932-3-300x135.jpg 300w, https:\/\/bisbalpenedes.com\/web\/wp-content\/uploads\/2023\/02\/IMG_3932-3-768x346.jpg 768w, https:\/\/bisbalpenedes.com\/web\/wp-content\/uploads\/2023\/02\/IMG_3932-3-1536x692.jpg 1536w, https:\/\/bisbalpenedes.com\/web\/wp-content\/uploads\/2023\/02\/IMG_3932-3-600x270.jpg 600w, https:\/\/bisbalpenedes.com\/web\/wp-content\/uploads\/2023\/02\/IMG_3932-3.jpg 1600w\" sizes=\"(max-width: 1024px) 100vw, 1024px\" \/><\/figure>\n\n\n\n<hr class=\"wp-block-separator has-alpha-channel-opacity\"\/>\n\n\n\n<p>La Junta de Gobierno del lunes 13 de enero adjudic\u00f3 definitivamente el servicio de bar -sin cocina- del local social de la Miralba a Jonathan Valenzuela. Este martes 14 de febrero se ha firmado el contrato y, el mismo martes, la alcaldesa Agn\u00e8s Ferr\u00e9 les ha presentado el nuevo encargado de llevar el servicio de bar a los miembros de la junta de la Asociaci\u00f3n de vecinos de la Miralba.<\/p>\n\n\n\n<p>El bar del local social de la Miralba volver\u00e1 a abrir sus puertas el d\u00eda 1 de marzo y ofrecer\u00e1 almuerzos, boller\u00eda, bocadillos fr\u00edos y calientes, tapas, aperitivos y bebidas. El horario del servicio ser\u00e1 el siguiente:<\/p>\n\n\n\n<ul><li>De lunes a Domingo, de 8h a 21:30h.<\/li><li>Jueves: cerrado por descanso semanal.<\/li><\/ul>\n","protected":false},"excerpt":{"rendered":"<p>A la fotografia, d&#8217;esquerra a dreta: Isidro Gallardo, president de l&#8217;Associaci\u00f3 de Ve\u00efns de la Miralba; Agn\u00e8s Ferr\u00e9, alcaldessa de la Bisbal del Pened\u00e8s; Paqui Cepas, regidora de l&#8217;equip de &hellip; <a href=\"https:\/\/bisbalpenedes.com\/web\/2023\/02\/15\/el-servei-de-bar-de-la-miralba-tornara-a-obrir-el-dia-1-de-marc\/\" class=\"more-link\">Read More<\/a><\/p>\n","protected":false},"author":4,"featured_media":24953,"comment_status":"closed","ping_status":"closed","sticky":false,"template":"","format":"standard","meta":[],"categories":[4287,8],"tags":[1151,459,140,5608,393,246,247],"_links":{"self":[{"href":"https:\/\/bisbalpenedes.com\/web\/wp-json\/wp\/v2\/posts\/24950"}],"collection":[{"href":"https:\/\/bisbalpenedes.com\/web\/wp-json\/wp\/v2\/posts"}],"about":[{"href":"https:\/\/bisbalpenedes.com\/web\/wp-json\/wp\/v2\/types\/post"}],"author":[{"embeddable":true,"href":"https:\/\/bisbalpenedes.com\/web\/wp-json\/wp\/v2\/users\/4"}],"replies":[{"embeddable":true,"href":"https:\/\/bisbalpenedes.com\/web\/wp-json\/wp\/v2\/comments?post=24950"}],"version-history":[{"count":2,"href":"https:\/\/bisbalpenedes.com\/web\/wp-json\/wp\/v2\/posts\/24950\/revisions"}],"predecessor-version":[{"id":24954,"href":"https:\/\/bisbalpenedes.com\/web\/wp-json\/wp\/v2\/posts\/24950\/revisions\/24954"}],"wp:featuredmedia":[{"embeddable":true,"href":"https:\/\/bisbalpenedes.com\/web\/wp-json\/wp\/v2\/media\/24953"}],"wp:attachment":[{"href":"https:\/\/bisbalpenedes.com\/web\/wp-json\/wp\/v2\/media?parent=24950"}],"wp:term":[{"taxonomy":"category","embeddable":true,"href":"https:\/\/bisbalpenedes.com\/web\/wp-json\/wp\/v2\/categories?post=24950"},{"taxonomy":"post_tag","embeddable":true,"href":"https:\/\/bisbalpenedes.com\/web\/wp-json\/wp\/v2\/tags?post=24950"}],"curies":[{"name":"wp","href":"https:\/\/api.w.org\/{rel}","templated":true}]}}