{"id":24944,"date":"2023-02-20T08:00:00","date_gmt":"2023-02-20T06:00:00","guid":{"rendered":"https:\/\/bisbalpenedes.com\/web\/?p=24944"},"modified":"2023-02-15T20:43:05","modified_gmt":"2023-02-15T18:43:05","slug":"lajuntament-ha-installat-nous-gronxadors-i-elements-de-joc-en-diversos-parcs-infantils-del-municipi","status":"publish","type":"post","link":"https:\/\/bisbalpenedes.com\/web\/2023\/02\/20\/lajuntament-ha-installat-nous-gronxadors-i-elements-de-joc-en-diversos-parcs-infantils-del-municipi\/","title":{"rendered":"<strong>L&#8217;Ajuntament ha instal\u00b7lat nous gronxadors i elements de joc en diversos parcs infantils del municipi<\/strong>"},"content":{"rendered":"\n<p>L&#8217;Ajuntament de la Bisbal del Pened\u00e8s ha renovat i ampliat els elements de diversos parcs infantils del municipi i de la llar d&#8217;infants municipal. Concretament, s&#8217;han adquirit i instal\u00b7lat els seg\u00fcents elements:<\/p>\n\n\n\n<ul><li>Al parc infantil ubicat al costat del local social del Priorat s&#8217;hi ha instal\u00b7lat un conjunt de joc infantil, un gronxador de niu rod\u00f3, un &#8216;carrusel&#8217;, uns gronxadors i un element de joc amb molles. <br>Val a dir que la zona del parc infantil estar\u00e0 totalment tancada -falten les portes, que s&#8217;instal\u00b7laran properament- i els seus elements s\u00f3n per a nens i nenes m\u00e9s petits. A la zona exterior (al costat de les barbacoes), s&#8217;hi han instal\u00b7lat elements per a nens i nenes m\u00e9s grans. La intenci\u00f3 de l&#8217;Ajuntament \u00e9s anar col\u00b7locant diversos elements de joc per a nens i nenes m\u00e9s grans, amb l&#8217;objectiu de crear una gran zona l\u00fadica per tot el parc.<\/li><li>Al parc infantil de Can Gordei s&#8217;hi ha instal\u00b7lat un gronxador de niu rod\u00f3.<\/li><li>Al parc infantil de l&#8217;ermita de F\u00e0tima, al barri de la Riba, s&#8217;hi ha instal\u00b7lat un &#8216;carrusel&#8217;.<\/li><li>Al pati de la llar d&#8217;infants s&#8217;hi ha instal\u00b7lat una nova caseta de jocs i un nou element de jocs.<\/li><\/ul>\n\n\n\n<p>L&#8217;adquisici\u00f3 i instal\u00b7laci\u00f3 dels nous elements ha tingut un cost total de 20.096,22\u20ac (IVA incl\u00f2s) i el contracte menor s&#8217;ha signat amb l&#8217;empresa Novatilu SL.<\/p>\n\n\n\n<figure class=\"wp-block-image size-large\"><img loading=\"lazy\" width=\"1024\" height=\"768\" src=\"https:\/\/bisbalpenedes.com\/web\/wp-content\/uploads\/2023\/02\/2023-02-13-12.45.25-1024x768.jpg\" alt=\"\" class=\"wp-image-24946\" srcset=\"https:\/\/bisbalpenedes.com\/web\/wp-content\/uploads\/2023\/02\/2023-02-13-12.45.25-1024x768.jpg 1024w, https:\/\/bisbalpenedes.com\/web\/wp-content\/uploads\/2023\/02\/2023-02-13-12.45.25-300x225.jpg 300w, https:\/\/bisbalpenedes.com\/web\/wp-content\/uploads\/2023\/02\/2023-02-13-12.45.25-768x576.jpg 768w, https:\/\/bisbalpenedes.com\/web\/wp-content\/uploads\/2023\/02\/2023-02-13-12.45.25-1536x1152.jpg 1536w, https:\/\/bisbalpenedes.com\/web\/wp-content\/uploads\/2023\/02\/2023-02-13-12.45.25-2048x1536.jpg 2048w, https:\/\/bisbalpenedes.com\/web\/wp-content\/uploads\/2023\/02\/2023-02-13-12.45.25-600x450.jpg 600w\" sizes=\"(max-width: 1024px) 100vw, 1024px\" \/><figcaption>Parc de Can Gordei<\/figcaption><\/figure>\n\n\n\n<figure class=\"wp-block-image size-large\"><img loading=\"lazy\" width=\"1024\" height=\"768\" src=\"https:\/\/bisbalpenedes.com\/web\/wp-content\/uploads\/2023\/02\/2023-02-13-12.14.56-Gran-1024x768.jpeg\" alt=\"\" class=\"wp-image-24947\" srcset=\"https:\/\/bisbalpenedes.com\/web\/wp-content\/uploads\/2023\/02\/2023-02-13-12.14.56-Gran-1024x768.jpeg 1024w, https:\/\/bisbalpenedes.com\/web\/wp-content\/uploads\/2023\/02\/2023-02-13-12.14.56-Gran-300x225.jpeg 300w, https:\/\/bisbalpenedes.com\/web\/wp-content\/uploads\/2023\/02\/2023-02-13-12.14.56-Gran-768x576.jpeg 768w, https:\/\/bisbalpenedes.com\/web\/wp-content\/uploads\/2023\/02\/2023-02-13-12.14.56-Gran-600x450.jpeg 600w, https:\/\/bisbalpenedes.com\/web\/wp-content\/uploads\/2023\/02\/2023-02-13-12.14.56-Gran.jpeg 1280w\" sizes=\"(max-width: 1024px) 100vw, 1024px\" \/><figcaption>Parc de F\u00e0tima (La Riba)<\/figcaption><\/figure>\n\n\n\n<figure class=\"wp-block-image size-large\"><img loading=\"lazy\" width=\"1024\" height=\"768\" src=\"https:\/\/bisbalpenedes.com\/web\/wp-content\/uploads\/2023\/02\/2023-02-13-13.23.26-Gran-1024x768.jpeg\" alt=\"\" class=\"wp-image-24948\" srcset=\"https:\/\/bisbalpenedes.com\/web\/wp-content\/uploads\/2023\/02\/2023-02-13-13.23.26-Gran-1024x768.jpeg 1024w, https:\/\/bisbalpenedes.com\/web\/wp-content\/uploads\/2023\/02\/2023-02-13-13.23.26-Gran-300x225.jpeg 300w, https:\/\/bisbalpenedes.com\/web\/wp-content\/uploads\/2023\/02\/2023-02-13-13.23.26-Gran-768x576.jpeg 768w, https:\/\/bisbalpenedes.com\/web\/wp-content\/uploads\/2023\/02\/2023-02-13-13.23.26-Gran-600x450.jpeg 600w, https:\/\/bisbalpenedes.com\/web\/wp-content\/uploads\/2023\/02\/2023-02-13-13.23.26-Gran.jpeg 1280w\" sizes=\"(max-width: 1024px) 100vw, 1024px\" \/><figcaption>Llar d&#8217;infants municipal<\/figcaption><\/figure>\n\n\n\n<hr class=\"wp-block-separator has-alpha-channel-opacity\"\/>\n\n\n\n<p><strong>CASTELLANO |<\/strong>&nbsp;El Ayuntamiento de la Bisbal del Pened\u00e8s ha renovado y ampliado los elementos de varios parques infantiles del municipio y de la guarder\u00eda municipal. Concretamente, se han adquirido e instalado los siguientes elementos:<\/p>\n\n\n\n<ul><li>En el parque infantil ubicado al lado del local social del Priorat se ha instalado un conjunto de juego infantil, un columpio de nido redondo, un carrusel, unos columpios y un elemento de juego con muelles. <br>Cabe decir que la zona del parque infantil estar\u00e1 totalmente cerrada -faltan las puertas, que se instalar\u00e1n pr\u00f3ximamente- y sus elementos son para ni\u00f1os y ni\u00f1as m\u00e1s peque\u00f1os. En la zona exterior (al lado de las barbacoas), se han instalado elementos para ni\u00f1os y ni\u00f1as m\u00e1s grandes. La intenci\u00f3n del Ayuntamiento es ir colocando varios elementos de juego para ni\u00f1os y ni\u00f1as m\u00e1s mayores, con el objetivo de crear una gran zona l\u00fadica por todo el parque.<\/li><li>En el parque infantil de Can Gordei se ha instalado un columpio de nido redondo.<\/li><li>En el parque infantil de la ermita de F\u00e1tima, en el barrio de la Riba, se ha instalado un carrusel.<\/li><li>En el patio de la guarder\u00eda municipal se ha instalado una nueva caseta de juegos y un nuevo elemento de juegos.<\/li><\/ul>\n\n\n\n<p>La adquisici\u00f3n e instalaci\u00f3n de nuevos elementos ha tenido un coste total de 20.096,22\u20ac (IVA incluido) y el contrato menor se ha firmado con la empresa Novatilu SL.<\/p>\n","protected":false},"excerpt":{"rendered":"<p>L&#8217;Ajuntament de la Bisbal del Pened\u00e8s ha renovat i ampliat els elements de diversos parcs infantils del municipi i de la llar d&#8217;infants municipal. Concretament, s&#8217;han adquirit i instal\u00b7lat els &hellip; <a href=\"https:\/\/bisbalpenedes.com\/web\/2023\/02\/20\/lajuntament-ha-installat-nous-gronxadors-i-elements-de-joc-en-diversos-parcs-infantils-del-municipi\/\" class=\"more-link\">Read More<\/a><\/p>\n","protected":false},"author":4,"featured_media":24945,"comment_status":"closed","ping_status":"closed","sticky":false,"template":"","format":"standard","meta":[],"categories":[4287,3456,3482,8],"tags":[393,3904,520],"_links":{"self":[{"href":"https:\/\/bisbalpenedes.com\/web\/wp-json\/wp\/v2\/posts\/24944"}],"collection":[{"href":"https:\/\/bisbalpenedes.com\/web\/wp-json\/wp\/v2\/posts"}],"about":[{"href":"https:\/\/bisbalpenedes.com\/web\/wp-json\/wp\/v2\/types\/post"}],"author":[{"embeddable":true,"href":"https:\/\/bisbalpenedes.com\/web\/wp-json\/wp\/v2\/users\/4"}],"replies":[{"embeddable":true,"href":"https:\/\/bisbalpenedes.com\/web\/wp-json\/wp\/v2\/comments?post=24944"}],"version-history":[{"count":3,"href":"https:\/\/bisbalpenedes.com\/web\/wp-json\/wp\/v2\/posts\/24944\/revisions"}],"predecessor-version":[{"id":24978,"href":"https:\/\/bisbalpenedes.com\/web\/wp-json\/wp\/v2\/posts\/24944\/revisions\/24978"}],"wp:featuredmedia":[{"embeddable":true,"href":"https:\/\/bisbalpenedes.com\/web\/wp-json\/wp\/v2\/media\/24945"}],"wp:attachment":[{"href":"https:\/\/bisbalpenedes.com\/web\/wp-json\/wp\/v2\/media?parent=24944"}],"wp:term":[{"taxonomy":"category","embeddable":true,"href":"https:\/\/bisbalpenedes.com\/web\/wp-json\/wp\/v2\/categories?post=24944"},{"taxonomy":"post_tag","embeddable":true,"href":"https:\/\/bisbalpenedes.com\/web\/wp-json\/wp\/v2\/tags?post=24944"}],"curies":[{"name":"wp","href":"https:\/\/api.w.org\/{rel}","templated":true}]}}