{"id":24928,"date":"2023-02-14T14:14:53","date_gmt":"2023-02-14T12:14:53","guid":{"rendered":"https:\/\/bisbalpenedes.com\/web\/?p=24928"},"modified":"2023-02-14T14:14:53","modified_gmt":"2023-02-14T12:14:53","slug":"saprova-el-pagament-de-la-quota-de-lamtu-per-al-2023","status":"publish","type":"post","link":"https:\/\/bisbalpenedes.com\/web\/2023\/02\/14\/saprova-el-pagament-de-la-quota-de-lamtu-per-al-2023\/","title":{"rendered":"<strong>S\u2019aprova el pagament de la quota de l\u2019AMTU per al 2023<\/strong>"},"content":{"rendered":"\n<p>La Junta de govern del 13 de gener de 2023 ha aprovat el pagament de la quota del 2023 de l\u2019Associaci\u00f3 de Municipis per la Mobilitat i el Transport Urb\u00e0 (AMTU) per un import de 503,10\u20ac.<\/p>\n\n\n\n<p>L\u2019AMTU \u00e9s una associaci\u00f3 de municipis d\u2019\u00e0mbit catal\u00e0 que treballa per la mobilitat i les infraestructures de transport p\u00fablic d\u2019arreu de Catalunya, oferint servei t\u00e8cnic, jur\u00eddic i administratiu en mat\u00e8ria de mobilitat, infraestructures i transport p\u00fablic als seus associats que, en l\u2019actualitat, s\u00f3n 137. L\u2019Ajuntament de la Bisbal del Pened\u00e8s es va adherir a l\u2019AMTU en el Ple ordinari del 17 de desembre de 2018.<\/p>\n\n\n\n<hr class=\"wp-block-separator has-alpha-channel-opacity\"\/>\n\n\n\n<p><strong>CASTELLANO |<\/strong>&nbsp;La Junta de gobierno del 13 de enero de 2023 ha aprobado el pago de la cuota del 2023 de la Associaci\u00f3 de Municipis per la Mobilitat i el Transport Urb\u00e0 (AMTU) por un importe de 503,10\u20ac.<\/p>\n\n\n\n<p>La AMTU es una asociaci\u00f3n de municipios de \u00e1mbito catal\u00e1n que trabaja por la movilidad y las infraestructuras de transporte p\u00fablico de toda Catalu\u00f1a, ofreciendo servicio t\u00e9cnico, jur\u00eddico y administrativo en materia de movilidad, infraestructuras y transporte p\u00fablico a sus asociados que, en la actualidad, son 137. El Ayuntamiento de la Bisbal del Pened\u00e8s se adhiri\u00f3 a la AMTU en el Pleno ordinario del 17 de diciembre de 2018.<\/p>\n","protected":false},"excerpt":{"rendered":"<p>La Junta de govern del 13 de gener de 2023 ha aprovat el pagament de la quota del 2023 de l\u2019Associaci\u00f3 de Municipis per la Mobilitat i el Transport Urb\u00e0 &hellip; <a href=\"https:\/\/bisbalpenedes.com\/web\/2023\/02\/14\/saprova-el-pagament-de-la-quota-de-lamtu-per-al-2023\/\" class=\"more-link\">Read More<\/a><\/p>\n","protected":false},"author":4,"featured_media":24929,"comment_status":"closed","ping_status":"closed","sticky":false,"template":"","format":"standard","meta":[],"categories":[3482,8,2711],"tags":[2530,459,821,393,1181],"_links":{"self":[{"href":"https:\/\/bisbalpenedes.com\/web\/wp-json\/wp\/v2\/posts\/24928"}],"collection":[{"href":"https:\/\/bisbalpenedes.com\/web\/wp-json\/wp\/v2\/posts"}],"about":[{"href":"https:\/\/bisbalpenedes.com\/web\/wp-json\/wp\/v2\/types\/post"}],"author":[{"embeddable":true,"href":"https:\/\/bisbalpenedes.com\/web\/wp-json\/wp\/v2\/users\/4"}],"replies":[{"embeddable":true,"href":"https:\/\/bisbalpenedes.com\/web\/wp-json\/wp\/v2\/comments?post=24928"}],"version-history":[{"count":1,"href":"https:\/\/bisbalpenedes.com\/web\/wp-json\/wp\/v2\/posts\/24928\/revisions"}],"predecessor-version":[{"id":24930,"href":"https:\/\/bisbalpenedes.com\/web\/wp-json\/wp\/v2\/posts\/24928\/revisions\/24930"}],"wp:featuredmedia":[{"embeddable":true,"href":"https:\/\/bisbalpenedes.com\/web\/wp-json\/wp\/v2\/media\/24929"}],"wp:attachment":[{"href":"https:\/\/bisbalpenedes.com\/web\/wp-json\/wp\/v2\/media?parent=24928"}],"wp:term":[{"taxonomy":"category","embeddable":true,"href":"https:\/\/bisbalpenedes.com\/web\/wp-json\/wp\/v2\/categories?post=24928"},{"taxonomy":"post_tag","embeddable":true,"href":"https:\/\/bisbalpenedes.com\/web\/wp-json\/wp\/v2\/tags?post=24928"}],"curies":[{"name":"wp","href":"https:\/\/api.w.org\/{rel}","templated":true}]}}