{"id":2492,"date":"2017-05-28T03:36:23","date_gmt":"2017-05-27T21:36:23","guid":{"rendered":"http:\/\/bisbalpenedes.com\/web\/?p=2492"},"modified":"2017-05-28T03:36:23","modified_gmt":"2017-05-27T21:36:23","slug":"el-cf-joventut-bisbalenca-rep-el-premi-solidari-al-foment-dels-valors","status":"publish","type":"post","link":"https:\/\/bisbalpenedes.com\/web\/2017\/05\/28\/el-cf-joventut-bisbalenca-rep-el-premi-solidari-al-foment-dels-valors\/","title":{"rendered":"El CF Joventut Bisbalenca rep el Premi Solidari al Foment dels Valors"},"content":{"rendered":"<p><a href=\"http:\/\/bisbalpenedes.com\/web\/wp-content\/uploads\/2017\/05\/IMATGE-PREMI.jpg\"><img loading=\"lazy\" class=\"aligncenter size-medium wp-image-2493\" title=\"premi solidari joventut bisbalenca\" src=\"http:\/\/bisbalpenedes.com\/web\/wp-content\/uploads\/2017\/05\/IMATGE-PREMI-300x200.jpg\" alt=\"\" width=\"300\" height=\"200\" srcset=\"https:\/\/bisbalpenedes.com\/web\/wp-content\/uploads\/2017\/05\/IMATGE-PREMI-300x200.jpg 300w, https:\/\/bisbalpenedes.com\/web\/wp-content\/uploads\/2017\/05\/IMATGE-PREMI-600x401.jpg 600w, https:\/\/bisbalpenedes.com\/web\/wp-content\/uploads\/2017\/05\/IMATGE-PREMI.jpg 800w\" sizes=\"(max-width: 300px) 100vw, 300px\" \/><\/a><\/p>\n<p>El passat dijous 25 de maig la Joventut Bisbalenca va ser premiada amb el Premi Solidari al Foment dels Valors en la primera gala dels Premis Solidaris de la Fundaci\u00f3 Privada Catalana de Futbol, que va tenir lloc a l\u2019antiga f\u00e0brica Estrella Damm de Barcelona. El club bisbalenc va presentar la candidatura de la Cistella Solid\u00e0ria a benefici de l\u2019ONG \u2018Smiles for children\u2019 que, recordem, va aconseguir recaptar i entregar 721\u20ac que es destinaran als projectes solidaris de l\u2019organitzaci\u00f3 solid\u00e0ria bisbalenca.<\/p>\n<p>Entre els premis que s\u2019entregaven a la gala hi havia guardons als projectes solidaris, als entrenadors , jugadors i \u00e0rbitres amb valors o a iniciatives per al foment del joc net. El cinqu\u00e8 guard\u00f3 que es va lliurar tenia l\u2019objectiu d\u2019homenatjar les iniciatives que duen a terme els clubs i que fomenten els valors. En aquesta categoria es van presentar moltes propostes i \u00e9s per aix\u00f2 que la Federaci\u00f3 Catalana de Futbol va decidir premiar diverses iniciatives, entre ella la de la Joventut Bisbalenca.<\/p>\n<p>Des del club bisbalenc consideren que aquest \u201c\u00e9s un premi molt important, ja que un dels objectius de la temporada era potenciar la formaci\u00f3 en valors dels nostres jugadors\u201d.<\/p>\n<p>El president de la Federaci\u00f3 Catalana de Futbol, Andreu Subias, va dir durant la gala, adre\u00e7ant-se als clubs nominats i premiats, que \u201centre tots, doneu un plus al futbol catal\u00e0 i per aix\u00f2 la Fundaci\u00f3, l\u2019encarregada d\u2019arribar all\u00e0 on la Federaci\u00f3 no arriba, us ho ha volgut recon\u00e8ixer\u201d. Afegia que la tasca fonamental de la fundaci\u00f3 consisteix a \u201cmostrar les circumst\u00e0ncies reals de la vida, dels futbolistes i de tothom vinculat al m\u00f3n de l\u2019esport per tal que no ens oblidem que tots som persones i ens hem de poder adonar de tot el que passa al nostre voltant i que, probablement, no som capa\u00e7os de veure\u201d.<\/p>\n<p>Recordem que el Club de Futbol Joventut Bisbalenca va crear una gran cistella solid\u00e0ria i va destinar una part de la recaptaci\u00f3, un euro de cada butlleta, a l\u2019ONG Smiles for Children. La recaptaci\u00f3 total, de 721 euros, ha servit per finan\u00e7ar projectes de l\u2019entitat solid\u00e0ria i per organitzar un cap de setmana on el FC Barcelona va estar jugant, amb el seu futbol base, a La Bisbal, amb els nens de la Joventut Bisbalenca, una jornada que va estar marcada per la solidaritat i el foment dels valors en el futbol.<\/p>\n<p><a href=\"http:\/\/bisbalpenedes.com\/web\/wp-content\/uploads\/2017\/05\/CANDIDATS-PREMIS.jpg\"><img loading=\"lazy\" class=\"aligncenter size-medium wp-image-2494\" title=\"CANDIDATS PREMIS\" src=\"http:\/\/bisbalpenedes.com\/web\/wp-content\/uploads\/2017\/05\/CANDIDATS-PREMIS-300x200.jpg\" alt=\"\" width=\"300\" height=\"200\" srcset=\"https:\/\/bisbalpenedes.com\/web\/wp-content\/uploads\/2017\/05\/CANDIDATS-PREMIS-300x200.jpg 300w, https:\/\/bisbalpenedes.com\/web\/wp-content\/uploads\/2017\/05\/CANDIDATS-PREMIS-600x400.jpg 600w, https:\/\/bisbalpenedes.com\/web\/wp-content\/uploads\/2017\/05\/CANDIDATS-PREMIS-1024x682.jpg 1024w, https:\/\/bisbalpenedes.com\/web\/wp-content\/uploads\/2017\/05\/CANDIDATS-PREMIS.jpg 1600w\" sizes=\"(max-width: 300px) 100vw, 300px\" \/><\/a><\/p>\n<p>&nbsp;<\/p>\n<p>(fotografies extretes del web de la Federaci\u00f3 Catalana de Futbol: www.fcf.cat)<\/p>\n","protected":false},"excerpt":{"rendered":"<p>El passat dijous 25 de maig la Joventut Bisbalenca va ser premiada amb el Premi Solidari al Foment dels Valors en la primera gala dels Premis Solidaris de la Fundaci\u00f3 &hellip; <a href=\"https:\/\/bisbalpenedes.com\/web\/2017\/05\/28\/el-cf-joventut-bisbalenca-rep-el-premi-solidari-al-foment-dels-valors\/\" class=\"more-link\">Read More<\/a><\/p>\n","protected":false},"author":4,"featured_media":2493,"comment_status":"closed","ping_status":"closed","sticky":false,"template":"","format":"standard","meta":[],"categories":[19],"tags":[367,345,343,372,373,430],"_links":{"self":[{"href":"https:\/\/bisbalpenedes.com\/web\/wp-json\/wp\/v2\/posts\/2492"}],"collection":[{"href":"https:\/\/bisbalpenedes.com\/web\/wp-json\/wp\/v2\/posts"}],"about":[{"href":"https:\/\/bisbalpenedes.com\/web\/wp-json\/wp\/v2\/types\/post"}],"author":[{"embeddable":true,"href":"https:\/\/bisbalpenedes.com\/web\/wp-json\/wp\/v2\/users\/4"}],"replies":[{"embeddable":true,"href":"https:\/\/bisbalpenedes.com\/web\/wp-json\/wp\/v2\/comments?post=2492"}],"version-history":[{"count":2,"href":"https:\/\/bisbalpenedes.com\/web\/wp-json\/wp\/v2\/posts\/2492\/revisions"}],"predecessor-version":[{"id":2496,"href":"https:\/\/bisbalpenedes.com\/web\/wp-json\/wp\/v2\/posts\/2492\/revisions\/2496"}],"wp:featuredmedia":[{"embeddable":true,"href":"https:\/\/bisbalpenedes.com\/web\/wp-json\/wp\/v2\/media\/2493"}],"wp:attachment":[{"href":"https:\/\/bisbalpenedes.com\/web\/wp-json\/wp\/v2\/media?parent=2492"}],"wp:term":[{"taxonomy":"category","embeddable":true,"href":"https:\/\/bisbalpenedes.com\/web\/wp-json\/wp\/v2\/categories?post=2492"},{"taxonomy":"post_tag","embeddable":true,"href":"https:\/\/bisbalpenedes.com\/web\/wp-json\/wp\/v2\/tags?post=2492"}],"curies":[{"name":"wp","href":"https:\/\/api.w.org\/{rel}","templated":true}]}}