{"id":24914,"date":"2023-02-07T10:11:21","date_gmt":"2023-02-07T08:11:21","guid":{"rendered":"https:\/\/bisbalpenedes.com\/web\/?p=24914"},"modified":"2023-02-17T12:48:45","modified_gmt":"2023-02-17T10:48:45","slug":"el-baix-penedes-recupera-13-carrerades-ramaderes-millenaries","status":"publish","type":"post","link":"https:\/\/bisbalpenedes.com\/web\/2023\/02\/07\/el-baix-penedes-recupera-13-carrerades-ramaderes-millenaries\/","title":{"rendered":"<strong>El Baix Pened\u00e8s recupera 13 carrerades ramaderes mil\u00b7len\u00e0ries<\/strong>"},"content":{"rendered":"\n<p>L\u2019\u00c0rea de Promoci\u00f3 Tur\u00edstica del Consell Comarcal del Baix Pened\u00e8s ha presentat, aquest dilluns, el projecte de recuperaci\u00f3 de 13 carrerades ramaderes mil\u00b7len\u00e0ries, entre elles la Carrerada de Mas Bartomeu. Amb aquest projecte es pret\u00e9n fer valdre aquests camins i el passat ramader de la comarca i promocionar tur\u00edsticament el Baix Pened\u00e8s interior, conjuntament amb tot el capital enotur\u00edstic i les cases rurals que es troben en aquesta zona. Per tot plegat, s\u2019han editat 1.500 tr\u00edptics amb tota la informaci\u00f3 i codis QR que permeten accedir a les rutes amb el m\u00f2bil.&nbsp;<\/p>\n\n\n\n<p>Al tr\u00edptic, que podreu trobar a l\u2019Ajuntament, s\u2019hi poden consultar les 13 carrerades de la comarca dividides en 4 grans rutes, creant una xarxa de camins representats en diferents colors: la carrerada de Santa Coloma (60 km), la del Coll d\u2019Arca (31 km), la de l\u2019Arbo\u00e7 a Rodony\u00e0 (24,5 km) i la de Salom\u00f3 a Calafell (25 km). Tamb\u00e9 s\u2019identifiquen una desena de camins ramaders de menor longitud que passen per diverses zones de la comarca: la d\u2019en Ralet, la Riera de Santa Oliva, Sant Marc, el Montmell, Mas Bartomeu, Bonastre, Bellvei, Albinyana, Lloren\u00e7 i la Serra (antic cam\u00ed de Valls).<\/p>\n\n\n\n<p>Aquest projecte se suma al recorregut de miradors comarcals -que es va presentar ja fa un any- i amplia el projecte que es va presentar el passat setembre de recuperaci\u00f3 de la carrerada de Santa Coloma.<\/p>\n\n\n\n<p>Properament, la Bisbal del Pened\u00e8s acollir\u00e0 la jornada anomenada \u201cTranshumant 2023\u201d,&nbsp;en qu\u00e8&nbsp;es recorrer\u00e0 una carrerada, fins al Montmell, en companyia d\u2019un pastor&nbsp;i el seu ramat, amb l\u2019objectiu que els assistents puguin viure aquesta experi\u00e8ncia com es feia abans.<\/p>\n\n\n\n<p>La regidora de Turisme, Judith Vidal, s\u2019ha mostrat molt satisfeta amb el projecte&nbsp;<em>\u201cque permetr\u00e0 con\u00e8ixer m\u00e9s el territori i beneficiar tant els allotjaments rurals com els establiments que ofereixen hostaleria o altres activitats d\u2019oci. Tenim un entorn preci\u00f3s que, moltes vegades, \u00e9s un gran desconegut. Per aix\u00f2, penso que donar a con\u00e8ixer i difondre les diferents rutes i crear reclams tur\u00edstics a la Bisbal pot ajudar-nos a generar m\u00e9s atracci\u00f3 cap als visitants\u201d.<\/em>&nbsp;La regidora ha recordat que \u201c<em>tamb\u00e9 estem treballant en un altre projecte conjunt amb el Consell Comarcal del Baix Pened\u00e8s que \u00e9s la creaci\u00f3 de dues places d\u2019aparcament per a autocaravanes a l\u2019avinguda Baix Pened\u00e8s\u201d.<\/em><\/p>\n\n\n\n<figure class=\"wp-block-image size-large\"><img loading=\"lazy\" width=\"1024\" height=\"696\" src=\"https:\/\/bisbalpenedes.com\/web\/wp-content\/uploads\/2023\/02\/C7D0C212-CBDF-4CCA-88E5-9F986BB050D7-1024x696.jpeg\" alt=\"\" class=\"wp-image-24916\" srcset=\"https:\/\/bisbalpenedes.com\/web\/wp-content\/uploads\/2023\/02\/C7D0C212-CBDF-4CCA-88E5-9F986BB050D7-1024x696.jpeg 1024w, https:\/\/bisbalpenedes.com\/web\/wp-content\/uploads\/2023\/02\/C7D0C212-CBDF-4CCA-88E5-9F986BB050D7-300x204.jpeg 300w, https:\/\/bisbalpenedes.com\/web\/wp-content\/uploads\/2023\/02\/C7D0C212-CBDF-4CCA-88E5-9F986BB050D7-768x522.jpeg 768w, https:\/\/bisbalpenedes.com\/web\/wp-content\/uploads\/2023\/02\/C7D0C212-CBDF-4CCA-88E5-9F986BB050D7-1536x1044.jpeg 1536w, https:\/\/bisbalpenedes.com\/web\/wp-content\/uploads\/2023\/02\/C7D0C212-CBDF-4CCA-88E5-9F986BB050D7-2048x1393.jpeg 2048w, https:\/\/bisbalpenedes.com\/web\/wp-content\/uploads\/2023\/02\/C7D0C212-CBDF-4CCA-88E5-9F986BB050D7-600x408.jpeg 600w\" sizes=\"(max-width: 1024px) 100vw, 1024px\" \/><\/figure>\n\n\n\n<hr class=\"wp-block-separator has-alpha-channel-opacity\"\/>\n\n\n\n<p><strong>CASTELLANO |<\/strong><em>&nbsp;<\/em>El \u00c1rea de Promoci\u00f3n Tur\u00edstica del Consell Comarcal del Baix Pened\u00e8s ha presentado, este lunes, el proyecto de recuperaci\u00f3n de 13 ca\u00f1adas ganaderas milenarias, entre ellas la \u201cCarrerada de Mas Bartomeu\u201d. Con este proyecto se pretende poner en valor estos caminos y el pasado ganadero de la comarca y promocionar tur\u00edsticamente el Baix Pened\u00e8s interior,&nbsp;conjuntamente con&nbsp;todo el capital enotur\u00edstico y las casas rurales que se encuentran en esta zona. Por todo ello, se han editado 1.500&nbsp;tr\u00edpticos con toda la informaci\u00f3n y c\u00f3digos QR que permiten acceder a las rutas con el m\u00f3vil.<\/p>\n\n\n\n<p>En el tr\u00edptico, que podr\u00e9is encontrar en el Ayuntamiento, se pueden consultar las 13 ca\u00f1adas de la comarca divididas en 4 grandes rutas, creando una red de caminos representados con distintos colores: la ca\u00f1adada de Santa Coloma (60 km), la del Coll de l\u2019Arca (31 km), la del Arbo\u00e7 a Rodony\u00e0 (24,5 km) y la de Salom\u00f3 a Calafell (25 km). Tambi\u00e9n se identifican una decena de caminos ganaderos de menor longitud que pasan por distintas zonas de la comarca: la d\u2019en Ralet, la Riera de Santa Oliva, Sant Marc, el Montmell, Mas Bartomeu, Bonastre, Bellvei, Albinyana, Lloren\u00e7 y la Serra (antiguo camino de Valls).<\/p>\n\n\n\n<p>Este proyecto se suma al recorrido de miradores comarcales -que se present\u00f3 hace ya un a\u00f1o- y ampl\u00eda el proyecto que se present\u00f3 el pasado septiembre de recuperaci\u00f3n de la \u201ccarrerada de Santa Coloma\u201d.<\/p>\n\n\n\n<p>Pr\u00f3ximamente, la Bisbal del Pened\u00e8s acoger\u00e1 la jornada llamada \u201cTranshumant 2023\u201d en la que se recorrer\u00e1 una ca\u00f1ada, hasta el Montmell, en compa\u00f1\u00eda de un pastor y de su reba\u00f1o, con el objetivo de que los asistentes puedan vivir esta experiencia como se hac\u00eda antes.<\/p>\n\n\n\n<p>La concejala de Turismo, Judith Vidal, se ha mostrado muy satisfecha con el proyecto \u201c<em>que permitir\u00e1 conocer m\u00e1s el territorio y beneficiar tanto a los alojamientos rurales como a los establecimientos que ofrecen hosteler\u00eda u otras actividades de ocio. Tenemos un entorno precioso que, muchas veces, es un gran desconocido. Por este motivo, pienso que dar a conocer y difundir las distintas rutas y crear reclamos tur\u00edsticos en la Bisbal puede ayudarnos a generar m\u00e1s atracci\u00f3n hacia los visitantes\u201d.<\/em> La concejala ha recordado que \u201c<em>tambi\u00e9n estamos trabajando en otro proyecto conjunto con el Consell Comarcal del Baix Pened\u00e8s que es la creaci\u00f3n de dos plazas de aparcamiento para autocaravanas en la avenida Baix Pened\u00e8s\u201d.<\/em><\/p>\n","protected":false},"excerpt":{"rendered":"<p>L\u2019\u00c0rea de Promoci\u00f3 Tur\u00edstica del Consell Comarcal del Baix Pened\u00e8s ha presentat, aquest dilluns, el projecte de recuperaci\u00f3 de 13 carrerades ramaderes mil\u00b7len\u00e0ries, entre elles la Carrerada de Mas Bartomeu. &hellip; <a href=\"https:\/\/bisbalpenedes.com\/web\/2023\/02\/07\/el-baix-penedes-recupera-13-carrerades-ramaderes-millenaries\/\" class=\"more-link\">Read More<\/a><\/p>\n","protected":false},"author":4,"featured_media":24915,"comment_status":"closed","ping_status":"closed","sticky":false,"template":"","format":"standard","meta":[],"categories":[8,4878],"tags":[459,5816,5819,393,5711,5818,5817],"_links":{"self":[{"href":"https:\/\/bisbalpenedes.com\/web\/wp-json\/wp\/v2\/posts\/24914"}],"collection":[{"href":"https:\/\/bisbalpenedes.com\/web\/wp-json\/wp\/v2\/posts"}],"about":[{"href":"https:\/\/bisbalpenedes.com\/web\/wp-json\/wp\/v2\/types\/post"}],"author":[{"embeddable":true,"href":"https:\/\/bisbalpenedes.com\/web\/wp-json\/wp\/v2\/users\/4"}],"replies":[{"embeddable":true,"href":"https:\/\/bisbalpenedes.com\/web\/wp-json\/wp\/v2\/comments?post=24914"}],"version-history":[{"count":3,"href":"https:\/\/bisbalpenedes.com\/web\/wp-json\/wp\/v2\/posts\/24914\/revisions"}],"predecessor-version":[{"id":25044,"href":"https:\/\/bisbalpenedes.com\/web\/wp-json\/wp\/v2\/posts\/24914\/revisions\/25044"}],"wp:featuredmedia":[{"embeddable":true,"href":"https:\/\/bisbalpenedes.com\/web\/wp-json\/wp\/v2\/media\/24915"}],"wp:attachment":[{"href":"https:\/\/bisbalpenedes.com\/web\/wp-json\/wp\/v2\/media?parent=24914"}],"wp:term":[{"taxonomy":"category","embeddable":true,"href":"https:\/\/bisbalpenedes.com\/web\/wp-json\/wp\/v2\/categories?post=24914"},{"taxonomy":"post_tag","embeddable":true,"href":"https:\/\/bisbalpenedes.com\/web\/wp-json\/wp\/v2\/tags?post=24914"}],"curies":[{"name":"wp","href":"https:\/\/api.w.org\/{rel}","templated":true}]}}