{"id":24905,"date":"2023-02-06T19:36:38","date_gmt":"2023-02-06T17:36:38","guid":{"rendered":"https:\/\/bisbalpenedes.com\/web\/?p=24905"},"modified":"2023-02-06T19:36:38","modified_gmt":"2023-02-06T17:36:38","slug":"sadjudica-provisionalment-lexplotacio-del-bar-del-local-social-de-la-miralba","status":"publish","type":"post","link":"https:\/\/bisbalpenedes.com\/web\/2023\/02\/06\/sadjudica-provisionalment-lexplotacio-del-bar-del-local-social-de-la-miralba\/","title":{"rendered":"<strong>S&#8217;adjudica provisionalment l&#8217;explotaci\u00f3 del bar del local social de la Miralba<\/strong>"},"content":{"rendered":"\n<p>El passat 1 de febrer l&#8217;alcaldessa de la Bisbal del Pened\u00e8s, Agn\u00e8s Ferr\u00e9, va signar un Decret d&#8217;alcaldia per adjudicar provisionalment l&#8217;explotaci\u00f3 del bar del local social de la Miralba a Jonathan Valenzuela. L&#8217;adjudicatari t\u00e9 un termini de deu dies per presentar la documentaci\u00f3 per poder procedir a l&#8217;adjudicaci\u00f3 definitiva.<\/p>\n\n\n\n<p>El passat 13 de gener es va iniciar el termini per presentar propostes per a l&#8217;explotaci\u00f3 del bar del local social de la Miralba. Dins del termini es va presentar una proposta i la mesa de contractaci\u00f3 l&#8217;ha valorat tenint en compte el que dictava el plec de cl\u00e0usules.<\/p>\n\n\n\n<hr class=\"wp-block-separator has-alpha-channel-opacity\"\/>\n\n\n\n<p>El pasado 1 de febrero la alcaldesa de la Bisbal del Pened\u00e8s, Agn\u00e8s Ferr\u00e9, firm\u00f3 un Decreto de alcald\u00eda para adjudicar provisionalmente la explotaci\u00f3n del bar del local social de la Miralba a Jonathan Valenzuela. El adjudicatario tiene un plazo de diez d\u00edas para presentar la documentaci\u00f3n para poder proceder a la adjudicaci\u00f3n definitiva.<\/p>\n\n\n\n<p>El pasado 13 de enero se inici\u00f3 el plazo para presentar propuestas para la explotaci\u00f3n del bar del local social de la Miralba. Dentro del plazo se present\u00f3 una propuesta y la mea de contrataci\u00f3n la ha valorado teniendo en cuenta lo que dictaba el pliego de cl\u00e1usulas.<\/p>\n","protected":false},"excerpt":{"rendered":"<p>El passat 1 de febrer l&#8217;alcaldessa de la Bisbal del Pened\u00e8s, Agn\u00e8s Ferr\u00e9, va signar un Decret d&#8217;alcaldia per adjudicar provisionalment l&#8217;explotaci\u00f3 del bar del local social de la Miralba &hellip; <a href=\"https:\/\/bisbalpenedes.com\/web\/2023\/02\/06\/sadjudica-provisionalment-lexplotacio-del-bar-del-local-social-de-la-miralba\/\" class=\"more-link\">Read More<\/a><\/p>\n","protected":false},"author":4,"featured_media":24906,"comment_status":"closed","ping_status":"closed","sticky":false,"template":"","format":"standard","meta":[],"categories":[4287,8],"tags":[140,393,247],"_links":{"self":[{"href":"https:\/\/bisbalpenedes.com\/web\/wp-json\/wp\/v2\/posts\/24905"}],"collection":[{"href":"https:\/\/bisbalpenedes.com\/web\/wp-json\/wp\/v2\/posts"}],"about":[{"href":"https:\/\/bisbalpenedes.com\/web\/wp-json\/wp\/v2\/types\/post"}],"author":[{"embeddable":true,"href":"https:\/\/bisbalpenedes.com\/web\/wp-json\/wp\/v2\/users\/4"}],"replies":[{"embeddable":true,"href":"https:\/\/bisbalpenedes.com\/web\/wp-json\/wp\/v2\/comments?post=24905"}],"version-history":[{"count":1,"href":"https:\/\/bisbalpenedes.com\/web\/wp-json\/wp\/v2\/posts\/24905\/revisions"}],"predecessor-version":[{"id":24907,"href":"https:\/\/bisbalpenedes.com\/web\/wp-json\/wp\/v2\/posts\/24905\/revisions\/24907"}],"wp:featuredmedia":[{"embeddable":true,"href":"https:\/\/bisbalpenedes.com\/web\/wp-json\/wp\/v2\/media\/24906"}],"wp:attachment":[{"href":"https:\/\/bisbalpenedes.com\/web\/wp-json\/wp\/v2\/media?parent=24905"}],"wp:term":[{"taxonomy":"category","embeddable":true,"href":"https:\/\/bisbalpenedes.com\/web\/wp-json\/wp\/v2\/categories?post=24905"},{"taxonomy":"post_tag","embeddable":true,"href":"https:\/\/bisbalpenedes.com\/web\/wp-json\/wp\/v2\/tags?post=24905"}],"curies":[{"name":"wp","href":"https:\/\/api.w.org\/{rel}","templated":true}]}}