{"id":24897,"date":"2023-02-06T14:47:48","date_gmt":"2023-02-06T12:47:48","guid":{"rendered":"https:\/\/bisbalpenedes.com\/web\/?p=24897"},"modified":"2023-02-06T14:47:48","modified_gmt":"2023-02-06T12:47:48","slug":"el-reconegut-escriptor-leonardo-padura-presentara-la-seva-darrera-obra-personas-decentes-a-la-bisbal-el-dissabte-18-de-febrer-a-les-18h","status":"publish","type":"post","link":"https:\/\/bisbalpenedes.com\/web\/2023\/02\/06\/el-reconegut-escriptor-leonardo-padura-presentara-la-seva-darrera-obra-personas-decentes-a-la-bisbal-el-dissabte-18-de-febrer-a-les-18h\/","title":{"rendered":"El reconegut escriptor Leonardo Padura presentar\u00e0 la seva darrera obra &#8220;Personas Decentes&#8221; a la Bisbal el dissabte 18 de febrer a les 18h"},"content":{"rendered":"\n<p>El proper&nbsp;<strong>dissabte 18 de febrer, a les 18h, l\u2019Auditori Salb\u00e0 del CMC<\/strong>&nbsp;acollir\u00e0 la presentaci\u00f3 del llibre \u201cPersonas Decentes\u201d de l\u2019escriptor cub\u00e0&nbsp;<strong>Leonardo Padura.<\/strong><\/p>\n\n\n\n<p>La presentaci\u00f3 anir\u00e0 precedida de la inauguraci\u00f3, a les 17:30h, de la mostra de fotografies \u201cEn primera persona\u201d del tamb\u00e9 cub\u00e0 Jorge Arnaldo Fern\u00e1ndez, en qu\u00e8 es recullen instant\u00e0nies de l\u2019autor de la novel\u00b7la.<\/p>\n\n\n\n<p>Leonardo Padura \u00e9s un escriptor cub\u00e0 que \u00e9s conegut especialment per les seves novel\u00b7les polic\u00edaques amb el detectiu Mario Conde com a protagonista i tamb\u00e9 \u00e9s molt conegut per una de les seves obres m\u00e9s celebrades \u201cEl hombre que amaba a los perros\u201d (2009).<\/p>\n\n\n\n<p>Padura va guanyar el Premi Princesa d\u2019Ast\u00faries el 2015 i, durant la seva carrera, ha obtingut m\u00e9s d\u2019una vintena de premis i reconeixements literaris. Tamb\u00e9 ha escrit guions per a cinema, tant per a documentals com per a pel\u00b7l\u00edcules.<\/p>\n\n\n\n<p>La presentaci\u00f3 del llibre es far\u00e0 en format de conversa amb, el tamb\u00e9 escriptor, Jos\u00e9 Lu\u00eds Espina.<\/p>\n\n\n\n<p>L\u2019acc\u00e9s a la sala ser\u00e0 lliure per\u00f2 limitat a l\u2019aforament d\u2019aquesta.<\/p>\n\n\n\n<hr class=\"wp-block-separator has-alpha-channel-opacity\"\/>\n\n\n\n<p>CASTELLANO |&nbsp;<strong>El pr\u00f3ximo s\u00e1bado 18 de febrero, a las 18h, el Auditori Salb\u00e0 del CMC<\/strong>&nbsp;acoger\u00e1 la presentaci\u00f3n del libro \u201cPersonas Decentes\u201d del escritor cubano&nbsp;<strong>Leonardo Padura.<\/strong><\/p>\n\n\n\n<p>La presentaci\u00f3n ir\u00e1 precedida de la inauguraci\u00f3n, a las 17:30h, de la muestra de fotograf\u00edas \u201cEn primera persona\u201d del tambi\u00e9n cubano Jorge Arnaldo Fern\u00e1ndez, en la que se recogen instant\u00e1neas del autor de la novela.<\/p>\n\n\n\n<p>Leonardo Padura es un escritor cubano que es conocido especialmente por sus novelas polic\u00edacas con el detective Mario Conde como protagonista y tambi\u00e9n es muy conocido por una de sus obras m\u00e1s celebradas \u201cEl hombre que amaba a los perros\u201d (2009).<\/p>\n\n\n\n<p>Padura gan\u00f3 el Premio Princesa de Asturias en el 2015 y, durante su carrera, ha obtenido m\u00e1s de una veintena de premios y reconocimientos literarios. Tambi\u00e9n ha escrito guiones para cine, tanto para documentales como para pel\u00edculas.<\/p>\n\n\n\n<p>La presentaci\u00f3n del libro se har\u00e1 en formato de conversaci\u00f3n con, el tambi\u00e9n escritor, Jos\u00e9 Lu\u00eds Espina.<\/p>\n\n\n\n<p>El acceso a la sala ser\u00e1 libre pero limitado al aforo de la misma.<\/p>\n\n\n\n<figure class=\"wp-block-image\"><img alt=\"\"\/><\/figure>\n","protected":false},"excerpt":{"rendered":"<p>El proper&nbsp;dissabte 18 de febrer, a les 18h, l\u2019Auditori Salb\u00e0 del CMC&nbsp;acollir\u00e0 la presentaci\u00f3 del llibre \u201cPersonas Decentes\u201d de l\u2019escriptor cub\u00e0&nbsp;Leonardo Padura. La presentaci\u00f3 anir\u00e0 precedida de la inauguraci\u00f3, a &hellip; <a href=\"https:\/\/bisbalpenedes.com\/web\/2023\/02\/06\/el-reconegut-escriptor-leonardo-padura-presentara-la-seva-darrera-obra-personas-decentes-a-la-bisbal-el-dissabte-18-de-febrer-a-les-18h\/\" class=\"more-link\">Read More<\/a><\/p>\n","protected":false},"author":4,"featured_media":24898,"comment_status":"closed","ping_status":"closed","sticky":false,"template":"","format":"standard","meta":[],"categories":[2942,13,8],"tags":[459,225,393,5815,47,48],"_links":{"self":[{"href":"https:\/\/bisbalpenedes.com\/web\/wp-json\/wp\/v2\/posts\/24897"}],"collection":[{"href":"https:\/\/bisbalpenedes.com\/web\/wp-json\/wp\/v2\/posts"}],"about":[{"href":"https:\/\/bisbalpenedes.com\/web\/wp-json\/wp\/v2\/types\/post"}],"author":[{"embeddable":true,"href":"https:\/\/bisbalpenedes.com\/web\/wp-json\/wp\/v2\/users\/4"}],"replies":[{"embeddable":true,"href":"https:\/\/bisbalpenedes.com\/web\/wp-json\/wp\/v2\/comments?post=24897"}],"version-history":[{"count":1,"href":"https:\/\/bisbalpenedes.com\/web\/wp-json\/wp\/v2\/posts\/24897\/revisions"}],"predecessor-version":[{"id":24900,"href":"https:\/\/bisbalpenedes.com\/web\/wp-json\/wp\/v2\/posts\/24897\/revisions\/24900"}],"wp:featuredmedia":[{"embeddable":true,"href":"https:\/\/bisbalpenedes.com\/web\/wp-json\/wp\/v2\/media\/24898"}],"wp:attachment":[{"href":"https:\/\/bisbalpenedes.com\/web\/wp-json\/wp\/v2\/media?parent=24897"}],"wp:term":[{"taxonomy":"category","embeddable":true,"href":"https:\/\/bisbalpenedes.com\/web\/wp-json\/wp\/v2\/categories?post=24897"},{"taxonomy":"post_tag","embeddable":true,"href":"https:\/\/bisbalpenedes.com\/web\/wp-json\/wp\/v2\/tags?post=24897"}],"curies":[{"name":"wp","href":"https:\/\/api.w.org\/{rel}","templated":true}]}}