{"id":24893,"date":"2023-02-06T13:55:47","date_gmt":"2023-02-06T11:55:47","guid":{"rendered":"https:\/\/bisbalpenedes.com\/web\/?p=24893"},"modified":"2023-02-06T13:56:20","modified_gmt":"2023-02-06T11:56:20","slug":"el-proper-dissabte-11-de-febrer-podreu-donar-sang-a-la-bisbal-del-penedes-de-10-a-14h","status":"publish","type":"post","link":"https:\/\/bisbalpenedes.com\/web\/2023\/02\/06\/el-proper-dissabte-11-de-febrer-podreu-donar-sang-a-la-bisbal-del-penedes-de-10-a-14h\/","title":{"rendered":"El proper dissabte 11 de febrer podreu donar sang a la Bisbal del Pened\u00e8s (de 10 a 14h)"},"content":{"rendered":"\n<p>El proper dissabte 11 de febrer podreu donar sang a la Bisbal del Pened\u00e8s.<\/p>\n\n\n\n<p>La donaci\u00f3, com \u00e9s habitual, es dur\u00e0 a terme al Rac\u00f3 de la Gent Gran (pla\u00e7a de l\u2019Era de Batre) de 10 a 14h<\/p>\n\n\n\n<p>Podeu reservar hora al web&nbsp;<a href=\"https:\/\/donarsang.gencat.cat\/?fbclid=IwAR0Fsc-XyvJ8fVrN8E4yevDRH3aecGReJj4m9S4VKk25aSDliAxKN7V6z3Y\" rel=\"noreferrer noopener\" target=\"_blank\">https:\/\/donarsang.gencat.cat<\/a><\/p>\n\n\n\n<p>Donar sang salva vides.<\/p>\n\n\n\n<hr class=\"wp-block-separator has-alpha-channel-opacity\"\/>\n\n\n\n<p>El pr\u00f3ximo s\u00e1bado 11 de febrero podr\u00e9is donar sangre en la Bisbal del Pened\u00e8s.<\/p>\n\n\n\n<p>La donaci\u00f3n, como es habitual, se llevar\u00e1 a cabo en el Rac\u00f3 de la Gent Gran (pla\u00e7a de l\u2019Era de Batre) de 10 a 14h.<\/p>\n\n\n\n<p>Pod\u00e9is reservar hora en la web&nbsp;<a href=\"https:\/\/donarsang.gencat.cat\/?fbclid=IwAR1jZlNAtdrqBAe8qJWZjSGc1iPFactZKWCLMDufrAXp0ljCqfKHanrP6js\" rel=\"noreferrer noopener\" target=\"_blank\">https:\/\/donarsang.gencat.cat<\/a><\/p>\n\n\n\n<p>Donar sangre salva vidas.<\/p>\n","protected":false},"excerpt":{"rendered":"<p>El proper dissabte 11 de febrer podreu donar sang a la Bisbal del Pened\u00e8s. La donaci\u00f3, com \u00e9s habitual, es dur\u00e0 a terme al Rac\u00f3 de la Gent Gran (pla\u00e7a &hellip; <a href=\"https:\/\/bisbalpenedes.com\/web\/2023\/02\/06\/el-proper-dissabte-11-de-febrer-podreu-donar-sang-a-la-bisbal-del-penedes-de-10-a-14h\/\" class=\"more-link\">Read More<\/a><\/p>\n","protected":false},"author":4,"featured_media":24894,"comment_status":"closed","ping_status":"closed","sticky":false,"template":"","format":"standard","meta":[],"categories":[8,14],"tags":[459,3160,2106,393,1374,29],"_links":{"self":[{"href":"https:\/\/bisbalpenedes.com\/web\/wp-json\/wp\/v2\/posts\/24893"}],"collection":[{"href":"https:\/\/bisbalpenedes.com\/web\/wp-json\/wp\/v2\/posts"}],"about":[{"href":"https:\/\/bisbalpenedes.com\/web\/wp-json\/wp\/v2\/types\/post"}],"author":[{"embeddable":true,"href":"https:\/\/bisbalpenedes.com\/web\/wp-json\/wp\/v2\/users\/4"}],"replies":[{"embeddable":true,"href":"https:\/\/bisbalpenedes.com\/web\/wp-json\/wp\/v2\/comments?post=24893"}],"version-history":[{"count":1,"href":"https:\/\/bisbalpenedes.com\/web\/wp-json\/wp\/v2\/posts\/24893\/revisions"}],"predecessor-version":[{"id":24895,"href":"https:\/\/bisbalpenedes.com\/web\/wp-json\/wp\/v2\/posts\/24893\/revisions\/24895"}],"wp:featuredmedia":[{"embeddable":true,"href":"https:\/\/bisbalpenedes.com\/web\/wp-json\/wp\/v2\/media\/24894"}],"wp:attachment":[{"href":"https:\/\/bisbalpenedes.com\/web\/wp-json\/wp\/v2\/media?parent=24893"}],"wp:term":[{"taxonomy":"category","embeddable":true,"href":"https:\/\/bisbalpenedes.com\/web\/wp-json\/wp\/v2\/categories?post=24893"},{"taxonomy":"post_tag","embeddable":true,"href":"https:\/\/bisbalpenedes.com\/web\/wp-json\/wp\/v2\/tags?post=24893"}],"curies":[{"name":"wp","href":"https:\/\/api.w.org\/{rel}","templated":true}]}}