{"id":24885,"date":"2023-02-06T15:19:59","date_gmt":"2023-02-06T13:19:59","guid":{"rendered":"https:\/\/bisbalpenedes.com\/web\/?p=24885"},"modified":"2023-02-06T15:20:31","modified_gmt":"2023-02-06T13:20:31","slug":"comencen-els-treballs-de-pintura-al-local-social-de-lesplai-i-diverses-dependencies-municipals","status":"publish","type":"post","link":"https:\/\/bisbalpenedes.com\/web\/2023\/02\/06\/comencen-els-treballs-de-pintura-al-local-social-de-lesplai-i-diverses-dependencies-municipals\/","title":{"rendered":"<strong>Comencen els treballs de pintura al local social de l&#8217;Esplai i diverses depend\u00e8ncies municipals<\/strong>"},"content":{"rendered":"\n<p>L&#8217;alcaldessa de la Bisbal del Pened\u00e8s, Agn\u00e8s Ferr\u00e9, va signar un Decret el passat 3 de febrer mitjan\u00e7ant el qual contractava el pintor Jaume Esteva per pintar el local social de l&#8217;Esplai -que inclou tot l&#8217;interior i exterior del local social, el mur de separaci\u00f3 de l&#8217;aparcament al recinte del bar i els murs del carrer- i pintar les escales de l&#8217;Ajuntament i les depend\u00e8ncies municipals on hi haur\u00e0 canvis de mobiliari, abans que arribin els mobles nous.<\/p>\n\n\n\n<p>El contracte menor de serveis ascendeix a 10.846,44\u20ac (IVA incl\u00f2s) i els treballs de pintura al local social de l&#8217;Esplai han comen\u00e7at avui dilluns 6 de febrer.<\/p>\n\n\n\n<hr class=\"wp-block-separator has-alpha-channel-opacity\"\/>\n\n\n\n<p>La alcaldesa de la Bisbal del Pened\u00e8s, Agn\u00e8s Ferr\u00e9, firm\u00f3 un Decreto el pasado 3 de febrero mediante el cual contrataba al pintor Jaume Esteva para pintar el local social de l&#8217;Esplai -que incluye todo el interior y exterior del local social, el muro de separaci\u00f3n del aparcamiento al recinto del bar y los muros de la calle- y pintar las escaleras del Ayuntamiento y las dependencias municipales en las que habr\u00e1 cambios de mobiliario, antes de que lleguen los nuevos muebles.<\/p>\n\n\n\n<p>El contrato menor de servicios asciende a 10.846,44\u20ac (IVA incluido) y los trabajos de pintura en el local social de l&#8217;Esplai han empezado hoy lunes 6 de febrero.<\/p>\n\n\n\n<p><\/p>\n\n\n\n<p>*<em>Fotografia d&#8217;arxiu: Feria de Abril 2022 de l&#8217;Esplai<\/em><\/p>\n","protected":false},"excerpt":{"rendered":"<p>L&#8217;alcaldessa de la Bisbal del Pened\u00e8s, Agn\u00e8s Ferr\u00e9, va signar un Decret el passat 3 de febrer mitjan\u00e7ant el qual contractava el pintor Jaume Esteva per pintar el local social &hellip; <a href=\"https:\/\/bisbalpenedes.com\/web\/2023\/02\/06\/comencen-els-treballs-de-pintura-al-local-social-de-lesplai-i-diverses-dependencies-municipals\/\" class=\"more-link\">Read More<\/a><\/p>\n","protected":false},"author":4,"featured_media":24887,"comment_status":"closed","ping_status":"closed","sticky":false,"template":"","format":"standard","meta":[],"categories":[4287,8],"tags":[459,138,393,919],"_links":{"self":[{"href":"https:\/\/bisbalpenedes.com\/web\/wp-json\/wp\/v2\/posts\/24885"}],"collection":[{"href":"https:\/\/bisbalpenedes.com\/web\/wp-json\/wp\/v2\/posts"}],"about":[{"href":"https:\/\/bisbalpenedes.com\/web\/wp-json\/wp\/v2\/types\/post"}],"author":[{"embeddable":true,"href":"https:\/\/bisbalpenedes.com\/web\/wp-json\/wp\/v2\/users\/4"}],"replies":[{"embeddable":true,"href":"https:\/\/bisbalpenedes.com\/web\/wp-json\/wp\/v2\/comments?post=24885"}],"version-history":[{"count":3,"href":"https:\/\/bisbalpenedes.com\/web\/wp-json\/wp\/v2\/posts\/24885\/revisions"}],"predecessor-version":[{"id":24909,"href":"https:\/\/bisbalpenedes.com\/web\/wp-json\/wp\/v2\/posts\/24885\/revisions\/24909"}],"wp:featuredmedia":[{"embeddable":true,"href":"https:\/\/bisbalpenedes.com\/web\/wp-json\/wp\/v2\/media\/24887"}],"wp:attachment":[{"href":"https:\/\/bisbalpenedes.com\/web\/wp-json\/wp\/v2\/media?parent=24885"}],"wp:term":[{"taxonomy":"category","embeddable":true,"href":"https:\/\/bisbalpenedes.com\/web\/wp-json\/wp\/v2\/categories?post=24885"},{"taxonomy":"post_tag","embeddable":true,"href":"https:\/\/bisbalpenedes.com\/web\/wp-json\/wp\/v2\/tags?post=24885"}],"curies":[{"name":"wp","href":"https:\/\/api.w.org\/{rel}","templated":true}]}}