{"id":24868,"date":"2023-02-02T10:03:38","date_gmt":"2023-02-02T08:03:38","guid":{"rendered":"https:\/\/bisbalpenedes.com\/web\/?p=24868"},"modified":"2023-02-02T10:03:38","modified_gmt":"2023-02-02T08:03:38","slug":"sinicia-lexpedient-per-contractar-una-plataforma-dadministracio-electronica-mitjancant-procediment-negociat-sense-publicitat","status":"publish","type":"post","link":"https:\/\/bisbalpenedes.com\/web\/2023\/02\/02\/sinicia-lexpedient-per-contractar-una-plataforma-dadministracio-electronica-mitjancant-procediment-negociat-sense-publicitat\/","title":{"rendered":"<strong>S\u2019inicia l\u2019expedient per contractar una plataforma d\u2019administraci\u00f3 electr\u00f2nica mitjan\u00e7ant procediment negociat sense publicitat<\/strong>"},"content":{"rendered":"\n<p>La Junta de Govern del 30 de gener va aprovar iniciar l\u2019expedient per a la contractaci\u00f3 d\u2019una plataforma d\u2019administraci\u00f3 electr\u00f2nica i serveis de suport i manteniment, mitjan\u00e7ant procediment negociat sense publicitat. Aquesta contractaci\u00f3 persegueix l\u2019objectiu de continuar amb el projecte de fer cada vegada m\u00e9s \u00e0gil i accessible l\u2019administraci\u00f3 electr\u00f2nica i continuar adaptant l\u2019administraci\u00f3 local al nou marc legal desenvolupat en la Llei 39\/2015, d\u20191 d\u2019octubre, de procediment administratiu com\u00fa de les administracions p\u00fabliques. Ara, l\u2019Ajuntament de la Bisbal del Pened\u00e8s preparar\u00e0 la licitaci\u00f3 per 4 anys i per un import anual de 31.036,50\u20ac (IVA incl\u00f2s).<\/p>\n\n\n\n<p>L\u2019Ajuntament de la Bisbal del Pened\u00e8s ja fa anys que compta amb un conjunt de serveis destinats a facilitar la gesti\u00f3 per mitjans electr\u00f2nics dels processos administratius i d\u2019adaptar l\u2019administraci\u00f3 local a la Llei d\u2019Administraci\u00f3 Electr\u00f2nica. Des d\u2019aleshores i fins ara, l\u2019Ajuntament bisbalenc ha emprat la plataforma Gestiona desenvolupada per l\u2019empresa \u201cesPublico SERVEIS PER A L\u2019ADMINISTRACI\u00d3 SA\u201d.<\/p>\n\n\n\n<hr class=\"wp-block-separator has-alpha-channel-opacity\"\/>\n\n\n\n<p><strong>CASTELLANO |<\/strong> La Junta de Gobierno del 30 de enero aprob\u00f3 iniciar el expediente para la contrataci\u00f3n de una plataforma de administraci\u00f3n electr\u00f3nica y Servicios de apoyo y mantenimiento, mediante procedimiento negociado sin publicidad. Esta contrataci\u00f3n persigue el objetivo de continuar con el proyecto de hacer cada vez m\u00e1s \u00e1gil y accesible la administraci\u00f3n electr\u00f3nica y seguir adaptando la administraci\u00f3n local al nuevo marco legal desarrollado en la Ley 39\/2015, de 1 de octubre, de procedimiento administrativo com\u00fan de las administraciones p\u00fablicas. Ahora, el Ayuntamiento de la Bisbal del Pened\u00e8s preparar\u00e1 la licitaci\u00f3n para 4 a\u00f1os y por un importe anual de 31.036,50\u20ac (IVA incluido).<\/p>\n\n\n\n<p>El Ayuntamiento de la Bisbal del Pened\u00e8s ya hace a\u00f1os que cuenta con un conjunto de servicios destinados a facilitar la gesti\u00f3n por medios electr\u00f3nicos de los procesos administrativos y de adaptar la administraci\u00f3n local a la Ley de Administraci\u00f3n Electr\u00f3nica. Desde entonces y hasta ahora, el Ayuntamiento de la Bisbal ha utilizado la plataforma Gestiona desarrollada por la empresa \u201cesPublico SERVEIS PER A L\u2019ADMINISTRACI\u00d3 SA\u201d.<\/p>\n","protected":false},"excerpt":{"rendered":"<p>La Junta de Govern del 30 de gener va aprovar iniciar l\u2019expedient per a la contractaci\u00f3 d\u2019una plataforma d\u2019administraci\u00f3 electr\u00f2nica i serveis de suport i manteniment, mitjan\u00e7ant procediment negociat sense &hellip; <a href=\"https:\/\/bisbalpenedes.com\/web\/2023\/02\/02\/sinicia-lexpedient-per-contractar-una-plataforma-dadministracio-electronica-mitjancant-procediment-negociat-sense-publicitat\/\" class=\"more-link\">Read More<\/a><\/p>\n","protected":false},"author":4,"featured_media":7844,"comment_status":"closed","ping_status":"closed","sticky":false,"template":"","format":"standard","meta":[],"categories":[8],"tags":[2581,459,5811,393,1374],"_links":{"self":[{"href":"https:\/\/bisbalpenedes.com\/web\/wp-json\/wp\/v2\/posts\/24868"}],"collection":[{"href":"https:\/\/bisbalpenedes.com\/web\/wp-json\/wp\/v2\/posts"}],"about":[{"href":"https:\/\/bisbalpenedes.com\/web\/wp-json\/wp\/v2\/types\/post"}],"author":[{"embeddable":true,"href":"https:\/\/bisbalpenedes.com\/web\/wp-json\/wp\/v2\/users\/4"}],"replies":[{"embeddable":true,"href":"https:\/\/bisbalpenedes.com\/web\/wp-json\/wp\/v2\/comments?post=24868"}],"version-history":[{"count":1,"href":"https:\/\/bisbalpenedes.com\/web\/wp-json\/wp\/v2\/posts\/24868\/revisions"}],"predecessor-version":[{"id":24869,"href":"https:\/\/bisbalpenedes.com\/web\/wp-json\/wp\/v2\/posts\/24868\/revisions\/24869"}],"wp:featuredmedia":[{"embeddable":true,"href":"https:\/\/bisbalpenedes.com\/web\/wp-json\/wp\/v2\/media\/7844"}],"wp:attachment":[{"href":"https:\/\/bisbalpenedes.com\/web\/wp-json\/wp\/v2\/media?parent=24868"}],"wp:term":[{"taxonomy":"category","embeddable":true,"href":"https:\/\/bisbalpenedes.com\/web\/wp-json\/wp\/v2\/categories?post=24868"},{"taxonomy":"post_tag","embeddable":true,"href":"https:\/\/bisbalpenedes.com\/web\/wp-json\/wp\/v2\/tags?post=24868"}],"curies":[{"name":"wp","href":"https:\/\/api.w.org\/{rel}","templated":true}]}}