{"id":24864,"date":"2023-02-02T09:50:42","date_gmt":"2023-02-02T07:50:42","guid":{"rendered":"https:\/\/bisbalpenedes.com\/web\/?p=24864"},"modified":"2023-02-02T09:50:42","modified_gmt":"2023-02-02T07:50:42","slug":"saprova-la-contractacio-de-serveis-de-defensa-juridica-de-lajuntament-davant-del-recurs-contencios-administratiu-que-ha-presentat-lentitat-club-segle-xx-contra-lapr","status":"publish","type":"post","link":"https:\/\/bisbalpenedes.com\/web\/2023\/02\/02\/saprova-la-contractacio-de-serveis-de-defensa-juridica-de-lajuntament-davant-del-recurs-contencios-administratiu-que-ha-presentat-lentitat-club-segle-xx-contra-lapr\/","title":{"rendered":"S\u2019aprova la contractaci\u00f3 de serveis de defensa jur\u00eddica de l\u2019Ajuntament davant del recurs contenci\u00f3s administratiu que ha presentat l\u2019entitat Club Segle XX contra l\u2019aprovaci\u00f3 del projecte de remodelaci\u00f3 i ampliaci\u00f3 del pavell\u00f3 poliesportiu municipal (fases 1.1. i 1.2.)"},"content":{"rendered":"\n<p>La Junta de Govern del 30 de gener ha aprovat la contractaci\u00f3 de serveis de defensa jur\u00eddica per a l\u2019Ajuntament davant del recurs contenci\u00f3s administratiu que ha presentat l\u2019entitat Club Segle XX contra l\u2019aprovaci\u00f3 del projecte de remodelaci\u00f3 i ampliaci\u00f3 del pavell\u00f3 poliesportiu municipal (fases 1.1. i 1.2.) aprovat el 2022 i consistent en la revisi\u00f3 dels amidaments, el pressupost i els pl\u00e0nols. Pr\u00e8viament, l\u2019entitat Club Segle XX havia presentat diverses al\u00b7legacions contra aquest projecte que van ser desestimades per l\u2019Ajuntament.<\/p>\n\n\n\n<p>La defensa jur\u00eddica s\u2019ha contractat amb l\u2019advocat Miquel M. Nolla Pujals i el contracte forma part de l\u2019acord marc per als serveis d\u2019assessorament legal i defensa jur\u00eddica del sistema comarcal de contractaci\u00f3 centralitzada del Consell Comarcal del Baix Pened\u00e8s, al que l\u2019Ajuntament de la Bisbal del Pened\u00e8s est\u00e0 adherit. El cost per a l\u2019Ajuntament de la Bisbal ser\u00e0 de 2.420\u20ac (IVA incl\u00f2s).<\/p>\n\n\n\n<hr class=\"wp-block-separator has-alpha-channel-opacity\"\/>\n\n\n\n<p><strong>CASTELLANO |<\/strong> La Junta de Gobierno del 30 de enero ha aprobado la contrataci\u00f3n de servicios de defensa jur\u00eddica para el Ayuntamiento ante el recurso contencioso administrativo que ha presentado la entidad Club Segle XX contra la aprobaci\u00f3n del proyecto de remodelaci\u00f3n y ampliaci\u00f3n del pabell\u00f3n polideportivo municipal (fases 1.1. y 1.2.) aprobado en el 2022 y consistente en la revisi\u00f3n de las medidas, el presupuesto y los planos. Previamente, la entidad Club Segle XX hab\u00eda presentado varias alegaciones contra este proyecto que fueron desestimadas por el Ayuntamiento.<\/p>\n\n\n\n<p>La defensa jur\u00eddica se ha contratado con el abogado Miquel M. Nolla Pujals y el contrato forma parte del acuerdo marco para los servicios de asesor\u00eda legal y defensa jur\u00eddica del sistema comarcal de contrataci\u00f3n centralizada del Consell Comarcal del Baix Pened\u00e8s, al que el Ayuntamiento de la Bisbal del Pened\u00e8s est\u00e1 adherido. El coste para el Ayuntamiento de la Bisbal ser\u00e1 de 2.420\u20ac (IVA incluido).<\/p>\n","protected":false},"excerpt":{"rendered":"<p>La Junta de Govern del 30 de gener ha aprovat la contractaci\u00f3 de serveis de defensa jur\u00eddica per a l\u2019Ajuntament davant del recurs contenci\u00f3s administratiu que ha presentat l\u2019entitat Club &hellip; <a href=\"https:\/\/bisbalpenedes.com\/web\/2023\/02\/02\/saprova-la-contractacio-de-serveis-de-defensa-juridica-de-lajuntament-davant-del-recurs-contencios-administratiu-que-ha-presentat-lentitat-club-segle-xx-contra-lapr\/\" class=\"more-link\">Read More<\/a><\/p>\n","protected":false},"author":4,"featured_media":24865,"comment_status":"closed","ping_status":"closed","sticky":false,"template":"","format":"standard","meta":[],"categories":[2402,8,15],"tags":[459,1086,3436,3280,393,5810,3146,1374,483,4177],"_links":{"self":[{"href":"https:\/\/bisbalpenedes.com\/web\/wp-json\/wp\/v2\/posts\/24864"}],"collection":[{"href":"https:\/\/bisbalpenedes.com\/web\/wp-json\/wp\/v2\/posts"}],"about":[{"href":"https:\/\/bisbalpenedes.com\/web\/wp-json\/wp\/v2\/types\/post"}],"author":[{"embeddable":true,"href":"https:\/\/bisbalpenedes.com\/web\/wp-json\/wp\/v2\/users\/4"}],"replies":[{"embeddable":true,"href":"https:\/\/bisbalpenedes.com\/web\/wp-json\/wp\/v2\/comments?post=24864"}],"version-history":[{"count":1,"href":"https:\/\/bisbalpenedes.com\/web\/wp-json\/wp\/v2\/posts\/24864\/revisions"}],"predecessor-version":[{"id":24866,"href":"https:\/\/bisbalpenedes.com\/web\/wp-json\/wp\/v2\/posts\/24864\/revisions\/24866"}],"wp:featuredmedia":[{"embeddable":true,"href":"https:\/\/bisbalpenedes.com\/web\/wp-json\/wp\/v2\/media\/24865"}],"wp:attachment":[{"href":"https:\/\/bisbalpenedes.com\/web\/wp-json\/wp\/v2\/media?parent=24864"}],"wp:term":[{"taxonomy":"category","embeddable":true,"href":"https:\/\/bisbalpenedes.com\/web\/wp-json\/wp\/v2\/categories?post=24864"},{"taxonomy":"post_tag","embeddable":true,"href":"https:\/\/bisbalpenedes.com\/web\/wp-json\/wp\/v2\/tags?post=24864"}],"curies":[{"name":"wp","href":"https:\/\/api.w.org\/{rel}","templated":true}]}}