{"id":24845,"date":"2023-02-01T20:13:27","date_gmt":"2023-02-01T18:13:27","guid":{"rendered":"https:\/\/bisbalpenedes.com\/web\/?p=24845"},"modified":"2023-02-26T09:14:28","modified_gmt":"2023-02-26T07:14:28","slug":"el-dissabte-25-de-febrer-el-cmc-acollira-la-projeccio-de-la-pellicula-un-ano-una-noche-del-cicle-gaudi","status":"publish","type":"post","link":"https:\/\/bisbalpenedes.com\/web\/2023\/02\/01\/el-dissabte-25-de-febrer-el-cmc-acollira-la-projeccio-de-la-pellicula-un-ano-una-noche-del-cicle-gaudi\/","title":{"rendered":"El dissabte 25 de febrer el CMC acollir\u00e0 la projecci\u00f3 de la pel\u00b7l\u00edcula &#8220;Un a\u00f1o, una noche&#8221; del Cicle Gaud\u00ed"},"content":{"rendered":"\n<p>El dissabte 25 de febrer, a les 18h, el CMC acollir\u00e0 la projecci\u00f3 de la pel\u00b7l\u00edcula &#8220;Un a\u00f1o, una noche&#8221; del&nbsp;Cicle Gaud\u00ed.<\/p>\n\n\n\n<p><strong>FITXA T\u00c8CNICA<\/strong><\/p>\n\n\n\n<p><span style=\"text-decoration: underline;\">Direcci\u00f3:<\/span> Isaki Lacuesta<\/p>\n\n\n\n<p><span style=\"text-decoration: underline;\">Gui\u00f3:<\/span> Isa Campo, Isaki Lacuesta, Fran Ara\u00fajo. Basada en el llibre de Ram\u00f3n Gonz\u00e1lez.<\/p>\n\n\n\n<p><span style=\"text-decoration: underline;\">Productora:<\/span> Coproducci\u00f3 Espanya-Fran\u00e7a; Mr. Fields and Friends, Bamb\u00fa Producciones, La Termita Films, Noodles Production.<\/p>\n\n\n\n<p><span style=\"text-decoration: underline;\">Estrena:<\/span> Octubre 2022<\/p>\n\n\n\n<p><span style=\"text-decoration: underline;\">Durada:<\/span> 120 min.<\/p>\n\n\n\n<p><span style=\"text-decoration: underline;\">G\u00e8nere: <\/span>Drama<\/p>\n\n\n\n<p><span style=\"text-decoration: underline;\">Versi\u00f3:<\/span> Original francesa amb subt\u00edtols en catal\u00e0<\/p>\n\n\n\n<p><span style=\"text-decoration: underline;\">Int\u00e8rprets:<\/span> Nahuel P\u00e9rez Biscayart, No\u00e9mie Merlant, Quim Guti\u00e9rrez, Alba Guilera, Natalia de Molina, C. Tangana, Enric Auquer, Blanca Apil\u00e1nez, Bruno Todeschini, Sophie Broustal<\/p>\n\n\n\n<p><strong>SINOPSI<\/strong><\/p>\n\n\n\n<p>Ramon i C\u00e9line s\u00f3n una jove parella que es troba al local Bataclan de Par\u00eds la nit del 13 de novembre de 2015. Durant l&#8217;assalt terrorista, tots dos aconsegueixen, cadascun pel seu costat, entrar al camerino dels m\u00fasics i refugiar-s&#8217;hi. En sortir, ja no s\u00f3n els mateixos, i no saben si ho podran tornar a ser&#8230;<\/p>\n\n\n\n<p>Adaptaci\u00f3 cinematogr\u00e0fica basada en el llibre &#8220;Paz, amor y Death metal&#8221; de Ram\u00f3n Gonz\u00e1lez, supervivent de l&#8217;atemptat terrorista a la sala de concerts Bataclan de Par\u00eds. <\/p>\n\n\n\n<p><strong>Nominada a 14 Premis Gaud\u00ed i 3 Premis Goya.<\/strong><br>Com \u00e9s habitual, el preu de l\u2019entrada ser\u00e0 de 4,5\u20ac (general) i 3\u20ac per als espectadors que presentin el carnet de la Biblioteca p\u00fablica de la Bisbal del Pened\u00e8s. Els beneficis es destinaran a l\u2019entitat que gestioni la taquilla abans de la projecci\u00f3 (es fa un sorteig entre les entitats que volen fer aquesta tasca), en aquest cas, Senderistes Bisbalencs.<\/p>\n\n\n\n<hr class=\"wp-block-separator has-alpha-channel-opacity\"\/>\n\n\n\n<p><strong>CASTELLANO | <\/strong>El&nbsp; s\u00e1bado 25 de febrero, a las 18h, el CMC acoger\u00e1 la proyecci\u00f3n de la pel\u00edcula &#8220;Un a\u00f1o, una noche&#8221; del Cicle Gaud\u00ed. En esta ocasi\u00f3n, la gesti\u00f3n de la taquilla ir\u00e1 a cargo de Senderistes Bisbalencs.<\/p>\n\n\n\n<p><strong>FICHA T\u00c9CNICA<\/strong><\/p>\n\n\n\n<p><span style=\"text-decoration: underline;\">Direcci\u00f3n:<\/span> Isaki Lacuesta<\/p>\n\n\n\n<p><span style=\"text-decoration: underline;\">Gui\u00f3n:<\/span> Isa Campo, Isaki Lacuesta, Fran Ara\u00fajo. Basada en el llibre de Ram\u00f3n Gonz\u00e1lez.<\/p>\n\n\n\n<p><span style=\"text-decoration: underline;\">Productora:<\/span> Coproducci\u00f3 Espanya-Fran\u00e7a; Mr. Fields and Friends, Bamb\u00fa Producciones, La Termita Films, Noodles Production.<\/p>\n\n\n\n<p><span style=\"text-decoration: underline;\">Estreno:<\/span> Octubre 2022<\/p>\n\n\n\n<p><span style=\"text-decoration: underline;\">Duraci\u00f3n:<\/span> 120 min.<\/p>\n\n\n\n<p><span style=\"text-decoration: underline;\">G\u00e9nero:<\/span> Drama<\/p>\n\n\n\n<p><span style=\"text-decoration: underline;\">Versi\u00f3n<\/span>: Original francesa con subt\u00edtulos en catal\u00e1n<\/p>\n\n\n\n<p><span style=\"text-decoration: underline;\">Int\u00e9rpretes:<\/span> Nahuel P\u00e9rez Biscayart, No\u00e9mie Merlant, Quim Guti\u00e9rrez, Alba Guilera, Natalia de Molina, C. Tangana, Enric Auquer, Blanca Apil\u00e1nez, Bruno Todeschini, Sophie Broustal<\/p>\n\n\n\n<p><strong>SINOPSIS<\/strong><\/p>\n\n\n\n<p>Ramon y C\u00e9line son una joven pareja que se encuentra en el local Bataclan de Par\u00eds la noche del 13 de noviembre de 2015. Durante el asalto terrorista, ambos consiguen, cada uno por su lado, entrar en el camerino de los m\u00fasicos y refugiarse all\u00ed. Al salir ya no son los mismos. Y no saben si lo podr\u00e1n volver a ser&#8230; <\/p>\n\n\n\n<p>Adaptaci\u00f3n cinematogr\u00e1fica basada en el libro &#8220;Paz, amor y Death metal&#8221;, de Ram\u00f3n Gonz\u00e1lez, superviviente del atentado terrorista en la sala de conciertos Bataclan de Par\u00eds.<\/p>\n\n\n\n<p><strong>Nominada a 14 Premios Gaud\u00ed y 3 Premios Goya.<\/strong><\/p>\n\n\n\n<p>Como es habitual, el precio de la entrada ser\u00e1 de 4,5\u20ac (general) y 3\u20ac para los espectadores que presenten el carn\u00e9 de la Biblioteca p\u00fablica de la Bisbal del Pened\u00e8s. Los beneficios se destinar\u00e1n a la entidad que gestione la taquilla antes de la proyecci\u00f3n (se har\u00e1 un sorteo entre las entidades que quieren hacer esta tarea), en este caso Senderistes Bisbalencs.<\/p>\n\n\n\n<figure class=\"wp-block-embed is-type-video is-provider-youtube wp-block-embed-youtube wp-embed-aspect-16-9 wp-has-aspect-ratio\"><div class=\"wp-block-embed__wrapper\">\n<iframe loading=\"lazy\" title=\"Cicle Gaud\u00ed: &quot;Una a\u00f1o, una noche&quot;\" width=\"1170\" height=\"658\" src=\"https:\/\/www.youtube.com\/embed\/hYGonPUy7Is?feature=oembed\" frameborder=\"0\" allow=\"accelerometer; autoplay; clipboard-write; encrypted-media; gyroscope; picture-in-picture; web-share\" allowfullscreen><\/iframe>\n<\/div><\/figure>\n","protected":false},"excerpt":{"rendered":"<p>El dissabte 25 de febrer, a les 18h, el CMC acollir\u00e0 la projecci\u00f3 de la pel\u00b7l\u00edcula &#8220;Un a\u00f1o, una noche&#8221; del&nbsp;Cicle Gaud\u00ed. FITXA T\u00c8CNICA Direcci\u00f3: Isaki Lacuesta Gui\u00f3: Isa Campo, &hellip; <a href=\"https:\/\/bisbalpenedes.com\/web\/2023\/02\/01\/el-dissabte-25-de-febrer-el-cmc-acollira-la-projeccio-de-la-pellicula-un-ano-una-noche-del-cicle-gaudi\/\" class=\"more-link\">Read More<\/a><\/p>\n","protected":false},"author":4,"featured_media":24847,"comment_status":"closed","ping_status":"closed","sticky":false,"template":"","format":"standard","meta":[],"categories":[2942,13,8],"tags":[459,307,393,1374],"_links":{"self":[{"href":"https:\/\/bisbalpenedes.com\/web\/wp-json\/wp\/v2\/posts\/24845"}],"collection":[{"href":"https:\/\/bisbalpenedes.com\/web\/wp-json\/wp\/v2\/posts"}],"about":[{"href":"https:\/\/bisbalpenedes.com\/web\/wp-json\/wp\/v2\/types\/post"}],"author":[{"embeddable":true,"href":"https:\/\/bisbalpenedes.com\/web\/wp-json\/wp\/v2\/users\/4"}],"replies":[{"embeddable":true,"href":"https:\/\/bisbalpenedes.com\/web\/wp-json\/wp\/v2\/comments?post=24845"}],"version-history":[{"count":3,"href":"https:\/\/bisbalpenedes.com\/web\/wp-json\/wp\/v2\/posts\/24845\/revisions"}],"predecessor-version":[{"id":25081,"href":"https:\/\/bisbalpenedes.com\/web\/wp-json\/wp\/v2\/posts\/24845\/revisions\/25081"}],"wp:featuredmedia":[{"embeddable":true,"href":"https:\/\/bisbalpenedes.com\/web\/wp-json\/wp\/v2\/media\/24847"}],"wp:attachment":[{"href":"https:\/\/bisbalpenedes.com\/web\/wp-json\/wp\/v2\/media?parent=24845"}],"wp:term":[{"taxonomy":"category","embeddable":true,"href":"https:\/\/bisbalpenedes.com\/web\/wp-json\/wp\/v2\/categories?post=24845"},{"taxonomy":"post_tag","embeddable":true,"href":"https:\/\/bisbalpenedes.com\/web\/wp-json\/wp\/v2\/tags?post=24845"}],"curies":[{"name":"wp","href":"https:\/\/api.w.org\/{rel}","templated":true}]}}