{"id":24839,"date":"2023-02-01T19:49:09","date_gmt":"2023-02-01T17:49:09","guid":{"rendered":"https:\/\/bisbalpenedes.com\/web\/?p=24839"},"modified":"2023-02-01T19:49:09","modified_gmt":"2023-02-01T17:49:09","slug":"la-junta-de-govern-del-30-de-gener-ha-aprovat-el-padro-fiscal-de-la-taxa-per-a-la-conservacio-del-cementiri-per-a-lany-2023","status":"publish","type":"post","link":"https:\/\/bisbalpenedes.com\/web\/2023\/02\/01\/la-junta-de-govern-del-30-de-gener-ha-aprovat-el-padro-fiscal-de-la-taxa-per-a-la-conservacio-del-cementiri-per-a-lany-2023\/","title":{"rendered":"<strong>La Junta de Govern del 30 de gener ha aprovat el padr\u00f3 fiscal de la taxa per a la conservaci\u00f3 del cementiri per a l\u2019any 2023<\/strong>"},"content":{"rendered":"\n<p>L\u2019Ajuntament de la Bisbal del Pened\u00e8s, a trav\u00e9s de la Junta de Govern Local celebrada el 30 de gener, ha aprovat el padr\u00f3 fiscal de la taxa per a la conservaci\u00f3 del cementiri corresponent a l\u2019any 2023, per un import total de 7.375\u20ac.<\/p>\n\n\n\n<p>El per\u00edode de pagament voluntari d\u2019aquesta taxa va del 31 de gener al 31 de mar\u00e7 de 2023 i els preus aprovats s\u00f3n els seg\u00fcents:<\/p>\n\n\n\n<ul><li>12\u20ac anuals per n\u00ednxol<\/li><li>6\u20ac anuals per columbari<\/li><li>25\u20ac anuals per pante\u00f3<\/li><\/ul>\n\n\n\n<hr class=\"wp-block-separator has-alpha-channel-opacity\"\/>\n\n\n\n<p><strong>CASTELLANO |<\/strong>&nbsp;El Ayuntamiento de la Bisbal del Pened\u00e8s, a trav\u00e9s de la Junta de Gobierno local celebrada el 30 de enero, ha aprobado el padr\u00f3n fiscal de la tasa para la conservaci\u00f3n del cementerio correspondiente al a\u00f1o 2023, por un importe total de 7.375\u20ac.<\/p>\n\n\n\n<p>El periodo de pago voluntario de esta tasa va del 31 de enero al 31 de marzo de 2023 y los previos aprobados son los siguientes:<\/p>\n\n\n\n<ul><li>12\u20ac anuales por nicho<\/li><li>6\u20ac anuales por columbario<\/li><li>25\u20ac anuales por pante\u00f3n<\/li><\/ul>\n","protected":false},"excerpt":{"rendered":"<p>L\u2019Ajuntament de la Bisbal del Pened\u00e8s, a trav\u00e9s de la Junta de Govern Local celebrada el 30 de gener, ha aprovat el padr\u00f3 fiscal de la taxa per a la &hellip; <a href=\"https:\/\/bisbalpenedes.com\/web\/2023\/02\/01\/la-junta-de-govern-del-30-de-gener-ha-aprovat-el-padro-fiscal-de-la-taxa-per-a-la-conservacio-del-cementiri-per-a-lany-2023\/\" class=\"more-link\">Read More<\/a><\/p>\n","protected":false},"author":4,"featured_media":8031,"comment_status":"closed","ping_status":"closed","sticky":false,"template":"","format":"standard","meta":[],"categories":[8,14],"tags":[107,5805,5803,393,5804,5806,539,3576],"_links":{"self":[{"href":"https:\/\/bisbalpenedes.com\/web\/wp-json\/wp\/v2\/posts\/24839"}],"collection":[{"href":"https:\/\/bisbalpenedes.com\/web\/wp-json\/wp\/v2\/posts"}],"about":[{"href":"https:\/\/bisbalpenedes.com\/web\/wp-json\/wp\/v2\/types\/post"}],"author":[{"embeddable":true,"href":"https:\/\/bisbalpenedes.com\/web\/wp-json\/wp\/v2\/users\/4"}],"replies":[{"embeddable":true,"href":"https:\/\/bisbalpenedes.com\/web\/wp-json\/wp\/v2\/comments?post=24839"}],"version-history":[{"count":1,"href":"https:\/\/bisbalpenedes.com\/web\/wp-json\/wp\/v2\/posts\/24839\/revisions"}],"predecessor-version":[{"id":24840,"href":"https:\/\/bisbalpenedes.com\/web\/wp-json\/wp\/v2\/posts\/24839\/revisions\/24840"}],"wp:featuredmedia":[{"embeddable":true,"href":"https:\/\/bisbalpenedes.com\/web\/wp-json\/wp\/v2\/media\/8031"}],"wp:attachment":[{"href":"https:\/\/bisbalpenedes.com\/web\/wp-json\/wp\/v2\/media?parent=24839"}],"wp:term":[{"taxonomy":"category","embeddable":true,"href":"https:\/\/bisbalpenedes.com\/web\/wp-json\/wp\/v2\/categories?post=24839"},{"taxonomy":"post_tag","embeddable":true,"href":"https:\/\/bisbalpenedes.com\/web\/wp-json\/wp\/v2\/tags?post=24839"}],"curies":[{"name":"wp","href":"https:\/\/api.w.org\/{rel}","templated":true}]}}